{"id":28282,"date":"2023-02-03T00:15:08","date_gmt":"2023-02-03T00:15:08","guid":{"rendered":"https:\/\/www.elpolitologoyelpolitico.com.ar\/wordpress\/?p=28282"},"modified":"2023-02-03T00:15:57","modified_gmt":"2023-02-03T00:15:57","slug":"viedma-cerro-el-mejor-enero-turistico-en-una-decada","status":"publish","type":"post","link":"https:\/\/www.elpolitologoyelpolitico.com.ar\/wordpress\/2023\/02\/03\/viedma-cerro-el-mejor-enero-turistico-en-una-decada\/","title":{"rendered":"Viedma cerr\u00f3 el mejor enero tur\u00edstico en una d\u00e9cada"},"content":{"rendered":"\n<p>La llegada de turistas a la capital de la provincia en el primer mes de 2023 super\u00f3 al a\u00f1o pasado, que ya hab\u00eda sido r\u00e9cord. En el balneario El C\u00f3ndor el porcentaje de ocupaci\u00f3n fue en torno al 95 por ciento, con ocupaci\u00f3n plena los fines de semana.<\/p>\n\n\n\n<p>En cuanto a la ciudad cabecera, la segunda quincena fue a\u00fan mejor que la primera, con un pico en el \u00faltimo fin de semana del 95 %, en coincidencia con la atracci\u00f3n que signific\u00f3 la 49 edici\u00f3n de la Fiesta Nacional del Mar y El Acampante.<\/p>\n\n\n\n<p>A prop\u00f3sito, una encuesta de preferencias tur\u00edsticas indic\u00f3 que el 60 por ciento de quienes arribaron a El C\u00f3ndor lo hicieron en funci\u00f3n de haber conocido el cronograma de artistas populares y gratuitos que se presentaron en el predio Combatientes de Malvinas, Fabiana Cantilo, Peteco Carabajal y Rodrigo Tapari.<\/p>\n\n\n\n<p>Al respecto el subsecretario de Turismo, Sergio Rodriguez expres\u00f3 que \u201cse avecina febrero donde hay muy buenas expectativas debido a que ser\u00e1 un mes con dos eventos importantes como la apertura de temporada del Turismo Carretera y la Fiesta Nacional del R\u00edo, y el fin de semana largo del Carnaval.<\/p>\n\n\n\n<p><strong>Datos estad\u00edsticos:<\/strong><\/p>\n\n\n\n<p>Durante el mes de Enero de de 2023 se registraron en alojamientos de Viedma y El C\u00f3ndor 39.069 pernoctes o plazas ocupadas, de las cuales el 31% corresponden a Viedma y el 69% a El C\u00f3ndor. La distribuci\u00f3n de estos porcentajes se relaciona directamente con la oferta de servicios de cada lugar: 667 plazas disponibles por d\u00eda en Viedma y 1.545 en El C\u00f3ndor (Total: 2.212 plazas disponibles por d\u00eda). La mayor ocupaci\u00f3n registrada se observa en casas y\/o departamentos de alquiler temporario (58% del total), luego los hoteles y residenciales (30% del total) y por \u00faltimo los campings (12% del total).<\/p>\n\n\n\n<p>Durante el mismo per\u00edodo, la Subsecretar\u00eda de Turismo ha brindado el servicio de atenci\u00f3n en las oficinas de informes tur\u00edsticos de Viedma y El C\u00f3ndor, todos los d\u00edas de 8 a 20 hs., donde se registraron un total de 3.367 consultas de visitantes. Las consultas posteriormente revelan caracter\u00edsticas de los turistas que nos permiten definir el perfil de turista que llega al destino: El 65% proven\u00eda de Capital Federal y la provincia de Bs As, 17% del resto del Rio Negro y de la Patagonia y el 18% del Centro y Norte del pa\u00eds.<\/p>\n\n\n\n<p>Un 45% ten\u00edan como destino tur\u00edstico a Viedma y\/o El C\u00f3ndor y el resto segu\u00eda camino hacia otras ciudades de la provincia (32%) y sur del pa\u00eds (19%). Del 87% que eligi\u00f3 quedarse en la zona, el 55% lo hizo entre 1 y 3 d\u00edas, el 21% entre 4 y 7 d\u00edas, 6% m\u00e1s de una semana y el resto no se hab\u00eda decidido a\u00fan. A su vez el 80% no conoc\u00eda el lugar y lo hizo a trav\u00e9s publicidades (76%) o por comentarios y\/o recomendaciones de conocidos (24%). El 52% eran grupos familiares, el 35% parejas, 8% amigos, 3% eran viajeros solitarios y 2% grupos de contingentes<\/p>\n<div class=\"fb-background-color\">\n\t\t\t  <div \n\t\t\t  \tclass = \"fb-comments\" \n\t\t\t  \tdata-href = \"https:\/\/www.elpolitologoyelpolitico.com.ar\/wordpress\/2023\/02\/03\/viedma-cerro-el-mejor-enero-turistico-en-una-decada\/\"\n\t\t\t  \tdata-numposts = \"10\"\n\t\t\t  \tdata-lazy = \"true\"\n\t\t\t\tdata-colorscheme = \"light\"\n\t\t\t\tdata-order-by = \"social\"\n\t\t\t\tdata-mobile=true>\n\t\t\t  <\/div><\/div>\n\t\t  <style>\n\t\t    .fb-background-color {\n\t\t\t\tbackground: #ffffff !important;\n\t\t\t}\n\t\t\t.fb_iframe_widget_fluid_desktop iframe {\n\t\t\t    width: 100% !important;\n\t\t\t}\n\t\t  <\/style>\n\t\t  ","protected":false},"excerpt":{"rendered":"<p>La llegada de turistas a la capital de la provincia en el primer mes de 2023 super\u00f3 al a\u00f1o pasado, que ya hab\u00eda sido r\u00e9cord. En el balneario El C\u00f3ndor el porcentaje de ocupaci\u00f3n fue en torno al 95 por ciento, con ocupaci\u00f3n plena los fines de semana. En cuanto a la ciudad cabecera, la [&hellip;]<\/p>\n","protected":false},"author":4,"featured_media":28283,"comment_status":"closed","ping_status":"closed","sticky":false,"template":"","format":"standard","meta":{"_joinchat":[],"footnotes":""},"categories":[4],"tags":[],"class_list":["post-28282","post","type-post","status-publish","format-standard","has-post-thumbnail","hentry","category-politicas-publicas"],"_links":{"self":[{"href":"https:\/\/www.elpolitologoyelpolitico.com.ar\/wordpress\/wp-json\/wp\/v2\/posts\/28282","targetHints":{"allow":["GET"]}}],"collection":[{"href":"https:\/\/www.elpolitologoyelpolitico.com.ar\/wordpress\/wp-json\/wp\/v2\/posts"}],"about":[{"href":"https:\/\/www.elpolitologoyelpolitico.com.ar\/wordpress\/wp-json\/wp\/v2\/types\/post"}],"author":[{"embeddable":true,"href":"https:\/\/www.elpolitologoyelpolitico.com.ar\/wordpress\/wp-json\/wp\/v2\/users\/4"}],"replies":[{"embeddable":true,"href":"https:\/\/www.elpolitologoyelpolitico.com.ar\/wordpress\/wp-json\/wp\/v2\/comments?post=28282"}],"version-history":[{"count":0,"href":"https:\/\/www.elpolitologoyelpolitico.com.ar\/wordpress\/wp-json\/wp\/v2\/posts\/28282\/revisions"}],"wp:featuredmedia":[{"embeddable":true,"href":"https:\/\/www.elpolitologoyelpolitico.com.ar\/wordpress\/wp-json\/wp\/v2\/media\/28283"}],"wp:attachment":[{"href":"https:\/\/www.elpolitologoyelpolitico.com.ar\/wordpress\/wp-json\/wp\/v2\/media?parent=28282"}],"wp:term":[{"taxonomy":"category","embeddable":true,"href":"https:\/\/www.elpolitologoyelpolitico.com.ar\/wordpress\/wp-json\/wp\/v2\/categories?post=28282"},{"taxonomy":"post_tag","embeddable":true,"href":"https:\/\/www.elpolitologoyelpolitico.com.ar\/wordpress\/wp-json\/wp\/v2\/tags?post=28282"}],"curies":[{"name":"wp","href":"https:\/\/api.w.org\/{rel}","templated":true}]}}