{"id":2751,"date":"2021-05-11T02:51:51","date_gmt":"2021-05-11T02:51:51","guid":{"rendered":"https:\/\/www.elpolitologoyelpolitico.com.ar\/wordpress\/?p=2751"},"modified":"2021-05-11T02:52:46","modified_gmt":"2021-05-11T02:52:46","slug":"zara-presidio-diversas-licitaciones-para-mejoramiento-y-ampliacion-de-edificios-escolares","status":"publish","type":"post","link":"https:\/\/www.elpolitologoyelpolitico.com.ar\/wordpress\/2021\/05\/11\/zara-presidio-diversas-licitaciones-para-mejoramiento-y-ampliacion-de-edificios-escolares\/","title":{"rendered":"Zara presidi\u00f3 diversas licitaciones para mejoramiento y ampliaci\u00f3n de edificios escolares"},"content":{"rendered":"\t\t<div data-elementor-type=\"wp-post\" data-elementor-id=\"2751\" class=\"elementor elementor-2751\">\n\t\t\t\t\t\t<section class=\"elementor-section elementor-top-section elementor-element elementor-element-4351e23c elementor-section-boxed elementor-section-height-default elementor-section-height-default\" data-id=\"4351e23c\" data-element_type=\"section\" data-e-type=\"section\">\n\t\t\t\t\t\t<div class=\"elementor-container elementor-column-gap-default\">\n\t\t\t\t\t<div class=\"elementor-column elementor-col-100 elementor-top-column elementor-element elementor-element-31a3b483\" data-id=\"31a3b483\" data-element_type=\"column\" data-e-type=\"column\">\n\t\t\t<div class=\"elementor-widget-wrap elementor-element-populated\">\n\t\t\t\t\t\t<div class=\"elementor-element elementor-element-687dadd4 elementor-widget elementor-widget-text-editor\" data-id=\"687dadd4\" data-element_type=\"widget\" data-e-type=\"widget\" data-widget_type=\"text-editor.default\">\n\t\t\t\t<div class=\"elementor-widget-container\">\n\t\t\t\t\t\t\t\t\t\n<p>El Intendente Municipal, Ing. Jos\u00e9 Luis Zara, presidi\u00f3 esta ma\u00f1ana cinco licitaciones para la realizaci\u00f3n de obras de mejoras y ampliaciones edilicias en distintos edificios educativos del Distrito.<\/p>\n\n\n\n<p>Los mismos contemplan trabajos en escuelas de Igarzabal, Stroeder, Villalonga, Carmen de Patagones y Juan A. Pradere.<\/p>\n\n\n\n<p>Cada acto licitatorio cont\u00f3 con la presencia de funcionarios del Ejecutivo Municipal y oferentes; cumpliendo con todas las medidas sanitarias de prevenci\u00f3n por el COVID.<\/p>\n\n\n\n<p>Se licit\u00f3 la obra de refacci\u00f3n de sanitarios para personas con discapacidad, de la Escuela Primaria N\u00b014, cuyo financiamiento se realiza mediante el convenio 2021- PEED, correspondiente a la Ley 15.165.<\/p>\n\n\n\n<p>Asimismo, se hizo lo propio para la obra de refacci\u00f3n&nbsp; edilicia de la Escuela Primaria N\u00b09, de Stroeder, donde se llevar\u00e1 a cabo la refacci\u00f3n en la cubierta y la instalaci\u00f3n el\u00e9ctrica.<\/p>\n\n\n\n<p>Por otra parte, se licit\u00f3 la obra de refacci\u00f3n edilicia del Jard\u00edn N\u00b0 903, de la localidad de Villalonga. All\u00ed se refaccionar\u00e1 la cubierta de techos y se concretar\u00e1 el reemplazo de los tanques de reserva.<\/p>\n\n\n\n<p>Se realiz\u00f3, adem\u00e1s, el acto licitatorio correspondiente a la refacci\u00f3n edilicia de la Escuela Primaria N\u00b022, de Juan A. Pradere, para la refacci\u00f3n de cubierta. La jornada incluy\u00f3 la licitaci\u00f3n de la refacci\u00f3n de la cubierta del C.E.P.T N\u00b023, del Paraje Igarzabal.<\/p>\n\n\n\n<figure class=\"wp-block-gallery columns-3 is-cropped wp-block-gallery-2 is-layout-flex wp-block-gallery-is-layout-flex\"><ul class=\"blocks-gallery-grid\"><li class=\"blocks-gallery-item\"><figure><img fetchpriority=\"high\" decoding=\"async\" width=\"720\" height=\"332\" src=\"http:\/\/www.elpolitologoyelpolitico.com.ar:8081\/wordpress\/wp-content\/uploads\/2021\/05\/WhatsApp-Image-2021-05-10-at-10.46.24-PM.jpeg\" alt=\"\" data-id=\"2753\" data-full-url=\"http:\/\/www.elpolitologoyelpolitico.com.ar:8081\/wordpress\/wp-content\/uploads\/2021\/05\/WhatsApp-Image-2021-05-10-at-10.46.24-PM.jpeg\" data-link=\"http:\/\/www.elpolitologoyelpolitico.com.ar:8081\/wordpress\/?attachment_id=2753\" class=\"wp-image-2753\" srcset=\"https:\/\/www.elpolitologoyelpolitico.com.ar\/wp-content\/uploads\/2021\/05\/WhatsApp-Image-2021-05-10-at-10.46.24-PM.jpeg 720w, https:\/\/www.elpolitologoyelpolitico.com.ar\/wp-content\/uploads\/2021\/05\/WhatsApp-Image-2021-05-10-at-10.46.24-PM-300x138.jpeg 300w\" sizes=\"(max-width: 720px) 100vw, 720px\" \/><\/figure><\/li><li class=\"blocks-gallery-item\"><figure><img decoding=\"async\" width=\"720\" height=\"333\" src=\"http:\/\/www.elpolitologoyelpolitico.com.ar:8081\/wordpress\/wp-content\/uploads\/2021\/05\/WhatsApp-Image-2021-05-10-at-10.46.23-PM-2.jpeg\" alt=\"\" data-id=\"2754\" data-full-url=\"http:\/\/www.elpolitologoyelpolitico.com.ar:8081\/wordpress\/wp-content\/uploads\/2021\/05\/WhatsApp-Image-2021-05-10-at-10.46.23-PM-2.jpeg\" data-link=\"http:\/\/www.elpolitologoyelpolitico.com.ar:8081\/wordpress\/?attachment_id=2754\" class=\"wp-image-2754\" srcset=\"https:\/\/www.elpolitologoyelpolitico.com.ar\/wp-content\/uploads\/2021\/05\/WhatsApp-Image-2021-05-10-at-10.46.23-PM-2.jpeg 720w, https:\/\/www.elpolitologoyelpolitico.com.ar\/wp-content\/uploads\/2021\/05\/WhatsApp-Image-2021-05-10-at-10.46.23-PM-2-300x139.jpeg 300w\" sizes=\"(max-width: 720px) 100vw, 720px\" \/><\/figure><\/li><li class=\"blocks-gallery-item\"><figure><img decoding=\"async\" width=\"720\" height=\"332\" src=\"http:\/\/www.elpolitologoyelpolitico.com.ar:8081\/wordpress\/wp-content\/uploads\/2021\/05\/WhatsApp-Image-2021-05-10-at-10.46.23-PM-1.jpeg\" alt=\"\" data-id=\"2755\" data-full-url=\"http:\/\/www.elpolitologoyelpolitico.com.ar:8081\/wordpress\/wp-content\/uploads\/2021\/05\/WhatsApp-Image-2021-05-10-at-10.46.23-PM-1.jpeg\" data-link=\"http:\/\/www.elpolitologoyelpolitico.com.ar:8081\/wordpress\/?attachment_id=2755\" class=\"wp-image-2755\" srcset=\"https:\/\/www.elpolitologoyelpolitico.com.ar\/wp-content\/uploads\/2021\/05\/WhatsApp-Image-2021-05-10-at-10.46.23-PM-1.jpeg 720w, https:\/\/www.elpolitologoyelpolitico.com.ar\/wp-content\/uploads\/2021\/05\/WhatsApp-Image-2021-05-10-at-10.46.23-PM-1-300x138.jpeg 300w\" sizes=\"(max-width: 720px) 100vw, 720px\" \/><\/figure><\/li><li class=\"blocks-gallery-item\"><figure><img loading=\"lazy\" decoding=\"async\" width=\"720\" height=\"332\" src=\"http:\/\/www.elpolitologoyelpolitico.com.ar:8081\/wordpress\/wp-content\/uploads\/2021\/05\/WhatsApp-Image-2021-05-10-at-10.46.23-PM.jpeg\" alt=\"\" data-id=\"2756\" data-full-url=\"http:\/\/www.elpolitologoyelpolitico.com.ar:8081\/wordpress\/wp-content\/uploads\/2021\/05\/WhatsApp-Image-2021-05-10-at-10.46.23-PM.jpeg\" data-link=\"http:\/\/www.elpolitologoyelpolitico.com.ar:8081\/wordpress\/?attachment_id=2756\" class=\"wp-image-2756\" srcset=\"https:\/\/www.elpolitologoyelpolitico.com.ar\/wp-content\/uploads\/2021\/05\/WhatsApp-Image-2021-05-10-at-10.46.23-PM.jpeg 720w, https:\/\/www.elpolitologoyelpolitico.com.ar\/wp-content\/uploads\/2021\/05\/WhatsApp-Image-2021-05-10-at-10.46.23-PM-300x138.jpeg 300w\" sizes=\"(max-width: 720px) 100vw, 720px\" \/><\/figure><\/li><\/ul><\/figure>\n\t\t\t\t\t\t\t\t<\/div>\n\t\t\t\t<\/div>\n\t\t\t\t\t<\/div>\n\t\t<\/div>\n\t\t\t\t\t<\/div>\n\t\t<\/section>\n\t\t\t\t<\/div>\n\t\t<div class=\"fb-background-color\">\n\t\t\t  <div \n\t\t\t  \tclass = \"fb-comments\" \n\t\t\t  \tdata-href = \"https:\/\/www.elpolitologoyelpolitico.com.ar\/wordpress\/2021\/05\/11\/zara-presidio-diversas-licitaciones-para-mejoramiento-y-ampliacion-de-edificios-escolares\/\"\n\t\t\t  \tdata-numposts = \"10\"\n\t\t\t  \tdata-lazy = \"true\"\n\t\t\t\tdata-colorscheme = \"light\"\n\t\t\t\tdata-order-by = \"social\"\n\t\t\t\tdata-mobile=true>\n\t\t\t  <\/div><\/div>\n\t\t  <style>\n\t\t    .fb-background-color {\n\t\t\t\tbackground: #ffffff !important;\n\t\t\t}\n\t\t\t.fb_iframe_widget_fluid_desktop iframe {\n\t\t\t    width: 100% !important;\n\t\t\t}\n\t\t  <\/style>\n\t\t  ","protected":false},"excerpt":{"rendered":"<p>El Intendente Municipal, Ing. Jos\u00e9 Luis Zara, presidi\u00f3 esta ma\u00f1ana cinco licitaciones para la realizaci\u00f3n de obras de mejoras y ampliaciones edilicias en distintos edificios educativos del Distrito. Los mismos contemplan trabajos en escuelas de Igarzabal, Stroeder, Villalonga, Carmen de Patagones y Juan A. Pradere. Cada acto licitatorio cont\u00f3 con la presencia de funcionarios del [&hellip;]<\/p>\n","protected":false},"author":4,"featured_media":2752,"comment_status":"closed","ping_status":"closed","sticky":false,"template":"","format":"standard","meta":{"_joinchat":[],"footnotes":""},"categories":[4],"tags":[],"class_list":["post-2751","post","type-post","status-publish","format-standard","has-post-thumbnail","hentry","category-politicas-publicas"],"_links":{"self":[{"href":"https:\/\/www.elpolitologoyelpolitico.com.ar\/wordpress\/wp-json\/wp\/v2\/posts\/2751","targetHints":{"allow":["GET"]}}],"collection":[{"href":"https:\/\/www.elpolitologoyelpolitico.com.ar\/wordpress\/wp-json\/wp\/v2\/posts"}],"about":[{"href":"https:\/\/www.elpolitologoyelpolitico.com.ar\/wordpress\/wp-json\/wp\/v2\/types\/post"}],"author":[{"embeddable":true,"href":"https:\/\/www.elpolitologoyelpolitico.com.ar\/wordpress\/wp-json\/wp\/v2\/users\/4"}],"replies":[{"embeddable":true,"href":"https:\/\/www.elpolitologoyelpolitico.com.ar\/wordpress\/wp-json\/wp\/v2\/comments?post=2751"}],"version-history":[{"count":0,"href":"https:\/\/www.elpolitologoyelpolitico.com.ar\/wordpress\/wp-json\/wp\/v2\/posts\/2751\/revisions"}],"wp:featuredmedia":[{"embeddable":true,"href":"https:\/\/www.elpolitologoyelpolitico.com.ar\/wordpress\/wp-json\/wp\/v2\/media\/2752"}],"wp:attachment":[{"href":"https:\/\/www.elpolitologoyelpolitico.com.ar\/wordpress\/wp-json\/wp\/v2\/media?parent=2751"}],"wp:term":[{"taxonomy":"category","embeddable":true,"href":"https:\/\/www.elpolitologoyelpolitico.com.ar\/wordpress\/wp-json\/wp\/v2\/categories?post=2751"},{"taxonomy":"post_tag","embeddable":true,"href":"https:\/\/www.elpolitologoyelpolitico.com.ar\/wordpress\/wp-json\/wp\/v2\/tags?post=2751"}],"curies":[{"name":"wp","href":"https:\/\/api.w.org\/{rel}","templated":true}]}}