{"id":2745,"date":"2021-05-11T00:51:39","date_gmt":"2021-05-11T00:51:39","guid":{"rendered":"https:\/\/www.elpolitologoyelpolitico.com.ar\/wordpress\/?p=2745"},"modified":"2021-05-11T02:53:34","modified_gmt":"2021-05-11T02:53:34","slug":"promueven-la-incorporacion-de-mujeres-y-disidencias-en-el-mercado-laboral-energetico","status":"publish","type":"post","link":"https:\/\/www.elpolitologoyelpolitico.com.ar\/wordpress\/2021\/05\/11\/promueven-la-incorporacion-de-mujeres-y-disidencias-en-el-mercado-laboral-energetico\/","title":{"rendered":"PROMUEVEN LA INCORPORACI\u00d3N DE MUJERES Y DISIDENCIAS EN EL MERCADO LABORAL ENERG\u00c9TICO"},"content":{"rendered":"\t\t<div data-elementor-type=\"wp-post\" data-elementor-id=\"2745\" class=\"elementor elementor-2745\">\n\t\t\t\t\t\t<section class=\"elementor-section elementor-top-section elementor-element elementor-element-1df9ed50 elementor-section-boxed elementor-section-height-default elementor-section-height-default\" data-id=\"1df9ed50\" data-element_type=\"section\" data-e-type=\"section\">\n\t\t\t\t\t\t<div class=\"elementor-container elementor-column-gap-default\">\n\t\t\t\t\t<div class=\"elementor-column elementor-col-100 elementor-top-column elementor-element elementor-element-14521abc\" data-id=\"14521abc\" data-element_type=\"column\" data-e-type=\"column\">\n\t\t\t<div class=\"elementor-widget-wrap elementor-element-populated\">\n\t\t\t\t\t\t<div class=\"elementor-element elementor-element-4cec87e3 elementor-widget elementor-widget-text-editor\" data-id=\"4cec87e3\" data-element_type=\"widget\" data-e-type=\"widget\" data-widget_type=\"text-editor.default\">\n\t\t\t\t<div class=\"elementor-widget-container\">\n\t\t\t\t\t\t\t\t\t\n<p>Un proyecto del Ley del Frente de Todos propone incentivar la incorporaci\u00f3n de mujeres al mercado laboral en el \u00e1mbito de las empresas energ\u00e9ticas e hidrocarbur\u00edferas.<\/p>\n\n\n\n<p>La iniciativa elaborada por la legisladora Daniela Salzotto y su par Pablo Barreno, con el acompa\u00f1amiento de Mar\u00eda Eugena Martini, Jos\u00e9 Luis Berros, Gabriela Abraham e Ignacio Casamiquela impulsa la creaci\u00f3n del \u201cR\u00e9gimen de Inserci\u00f3n Laboral de Mujeres en el Sector Energ\u00e9tico de la Provincia de R\u00edo Negro\u201d, como acci\u00f3n p\u00fablica destinada a la reducci\u00f3n de la brecha laboral de g\u00e9nero.<\/p>\n\n\n\n<p>Va destinado a mujeres desempleadas mayores de 18 a\u00f1os y a empresas de energ\u00eda el\u00e9ctrica, mineras, hidrocarbur\u00edferas, de gas y sus derivados las cuales podr\u00e1n acceder a incentivos fiscales. Los potenciales empleadores deber\u00e1n para ello garantizar la incorporaci\u00f3n de mujeres y disidencias, implementar modificaciones en la adjudicaci\u00f3n de roles con perspectiva de g\u00e9nero, ofrecer remuneraciones equitativas y brindar capacitaci\u00f3n como la Ley Micaela.<\/p>\n\n\n\n<p>\u201cEsta iniciativa busca centrar el debate aportando una pol\u00edtica p\u00fablica que tienda a morigerar las asimetr\u00edas existentes en un sector puntual. No existe ejercicio pleno de los derechos y de la ciudadan\u00eda, si no se eliminan las desigualdades sociales, econ\u00f3micas y laborales entre varones, mujeres y disidencias. La valoraci\u00f3n del trabajo de las mujeres como labor principal, y no complementaria, es un asunto que debe ser abordado desde el Estado\u201d, asegura en sus fundamentos el proyecto de ley presentado.<\/p>\n\n\n\n<p>\u201cLas estad\u00edsticas oficiales existentes visibilizan la dificultad que tienen las mujeres, a la hora de su participaci\u00f3n en el mercado de trabajo. Si bien, en las \u00faltimas dos d\u00e9cadas se observa un incremento en su participaci\u00f3n, la tasa de actividad, hace al menos 10 a\u00f1os, est\u00e1 estancada, lo cual ampl\u00eda la brecha con la de los varones. Las mujeres, no s\u00f3lo participan menos en el mercado de trabajo, sino que lo hacen en peores condiciones, por ello presentan mayores tasas de desempleo y de informalidad que los varones\u201d, afirm\u00f3 la legisladora Salzotto.<\/p>\n\n\n\n<p>Por su parte, Barreno destac\u00f3 que \u201cs\u00f3lo por citar ejemplos, en el tercer trimestre del a\u00f1o 2016 el sector primario ocupaba solamente un 11,2% de mujeres; el sector industrial ocupaba un 19%; el rubro electricidad, gas y agua un 17,2% y la construcci\u00f3n un \u00ednfimo 6% para las mujeres\u201d.<\/p>\n\n\n\n<p>Abundaron que \u201cen el caso del rubro de las actividades vinculadas a la energ\u00eda, la empresa YPF, inform\u00f3 p\u00fablicamente que, tiene un porcentaje de distribuci\u00f3n de g\u00e9nero del 21% de mujeres y del 79% de varones, a nivel global del grupo empresario. Ahora bien, cuando se pretende detallar la participaci\u00f3n de las mujeres en la estructura laboral, se advierte que ese bajo porcentaje de mujeres se encuentra trabajando en \u00e1reas de maestranza, administrativas o en la red de estaciones de servicios. Es decir, el sector operativo o de base industrial es un sector pr\u00e1cticamente exclusivo de los varones\u201d.<\/p>\n\n\n\n<p>Sin embargo, en nuestra provincia, son miles las mujeres que optan por una Educaci\u00f3n Media T\u00e9cnica, o que se forman en estudios superiores en carreras afines a la industria energ\u00e9tica, con vistas a su desarrollo profesional en las \u00e1reas del gas y petr\u00f3leo. \u201cAll\u00ed es donde las pol\u00edticas p\u00fablicas deben aparecer para garantizar, en el plano de lo real, el derecho a la igualdad entre los varones y las mujeres, en el mundo laboral\u201d, manifest\u00f3 Barreno.<\/p>\n\n\n\n<p>La iniciativa busca ampliar el mercado laboral, tanto en las empresas p\u00fablicas como en las privadas, dedicadas a la actividad petrolera o gas\u00edfera y su red de actividades conexas \u201calentando la incorporaci\u00f3n de la mujer, en actividades a la fecha reservadas para varones, asegurando de esta manera el derecho al acceso igualitario al empleo. \u00c9ste el resultado de una mesa de trabajo y una serie de encuentros, realizados en la ciudad de Catriel, con mujeres j\u00f3venes t\u00e9cnicas y profesionales del sector hidrocarbur\u00edfero, que no logran su incorporaci\u00f3n laboral en el \u00e1mbito espec\u00edfico del sector energ\u00e9tico\u201d, concluy\u00f3 Salzotto.<\/p>\n\t\t\t\t\t\t\t\t<\/div>\n\t\t\t\t<\/div>\n\t\t\t\t\t<\/div>\n\t\t<\/div>\n\t\t\t\t\t<\/div>\n\t\t<\/section>\n\t\t\t\t<\/div>\n\t\t<div class=\"fb-background-color\">\n\t\t\t  <div \n\t\t\t  \tclass = \"fb-comments\" \n\t\t\t  \tdata-href = \"https:\/\/www.elpolitologoyelpolitico.com.ar\/wordpress\/2021\/05\/11\/promueven-la-incorporacion-de-mujeres-y-disidencias-en-el-mercado-laboral-energetico\/\"\n\t\t\t  \tdata-numposts = \"10\"\n\t\t\t  \tdata-lazy = \"true\"\n\t\t\t\tdata-colorscheme = \"light\"\n\t\t\t\tdata-order-by = \"social\"\n\t\t\t\tdata-mobile=true>\n\t\t\t  <\/div><\/div>\n\t\t  <style>\n\t\t    .fb-background-color {\n\t\t\t\tbackground: #ffffff !important;\n\t\t\t}\n\t\t\t.fb_iframe_widget_fluid_desktop iframe {\n\t\t\t    width: 100% !important;\n\t\t\t}\n\t\t  <\/style>\n\t\t  ","protected":false},"excerpt":{"rendered":"<p>Un proyecto del Ley del Frente de Todos propone incentivar la incorporaci\u00f3n de mujeres al mercado laboral en el \u00e1mbito de las empresas energ\u00e9ticas e hidrocarbur\u00edferas. La iniciativa elaborada por la legisladora Daniela Salzotto y su par Pablo Barreno, con el acompa\u00f1amiento de Mar\u00eda Eugena Martini, Jos\u00e9 Luis Berros, Gabriela Abraham e Ignacio Casamiquela impulsa [&hellip;]<\/p>\n","protected":false},"author":4,"featured_media":2746,"comment_status":"closed","ping_status":"closed","sticky":false,"template":"","format":"standard","meta":{"_joinchat":[],"footnotes":""},"categories":[4],"tags":[],"class_list":["post-2745","post","type-post","status-publish","format-standard","has-post-thumbnail","hentry","category-politicas-publicas"],"_links":{"self":[{"href":"https:\/\/www.elpolitologoyelpolitico.com.ar\/wordpress\/wp-json\/wp\/v2\/posts\/2745","targetHints":{"allow":["GET"]}}],"collection":[{"href":"https:\/\/www.elpolitologoyelpolitico.com.ar\/wordpress\/wp-json\/wp\/v2\/posts"}],"about":[{"href":"https:\/\/www.elpolitologoyelpolitico.com.ar\/wordpress\/wp-json\/wp\/v2\/types\/post"}],"author":[{"embeddable":true,"href":"https:\/\/www.elpolitologoyelpolitico.com.ar\/wordpress\/wp-json\/wp\/v2\/users\/4"}],"replies":[{"embeddable":true,"href":"https:\/\/www.elpolitologoyelpolitico.com.ar\/wordpress\/wp-json\/wp\/v2\/comments?post=2745"}],"version-history":[{"count":0,"href":"https:\/\/www.elpolitologoyelpolitico.com.ar\/wordpress\/wp-json\/wp\/v2\/posts\/2745\/revisions"}],"wp:featuredmedia":[{"embeddable":true,"href":"https:\/\/www.elpolitologoyelpolitico.com.ar\/wordpress\/wp-json\/wp\/v2\/media\/2746"}],"wp:attachment":[{"href":"https:\/\/www.elpolitologoyelpolitico.com.ar\/wordpress\/wp-json\/wp\/v2\/media?parent=2745"}],"wp:term":[{"taxonomy":"category","embeddable":true,"href":"https:\/\/www.elpolitologoyelpolitico.com.ar\/wordpress\/wp-json\/wp\/v2\/categories?post=2745"},{"taxonomy":"post_tag","embeddable":true,"href":"https:\/\/www.elpolitologoyelpolitico.com.ar\/wordpress\/wp-json\/wp\/v2\/tags?post=2745"}],"curies":[{"name":"wp","href":"https:\/\/api.w.org\/{rel}","templated":true}]}}