{"id":2737,"date":"2021-05-10T22:07:36","date_gmt":"2021-05-10T22:07:36","guid":{"rendered":"https:\/\/www.elpolitologoyelpolitico.com.ar\/wordpress\/?p=2737"},"modified":"2021-05-10T22:08:09","modified_gmt":"2021-05-10T22:08:09","slug":"se-licito-la-obra-de-construccion-de-la-nueva-cisterna-en-la-plaza-lacarra","status":"publish","type":"post","link":"https:\/\/www.elpolitologoyelpolitico.com.ar\/wordpress\/2021\/05\/10\/se-licito-la-obra-de-construccion-de-la-nueva-cisterna-en-la-plaza-lacarra\/","title":{"rendered":"Se licit\u00f3 la obra de construcci\u00f3n de la nueva cisterna en la Plaza Lacarra"},"content":{"rendered":"\t\t<div data-elementor-type=\"wp-post\" data-elementor-id=\"2737\" class=\"elementor elementor-2737\">\n\t\t\t\t\t\t<section class=\"elementor-section elementor-top-section elementor-element elementor-element-1802e603 elementor-section-boxed elementor-section-height-default elementor-section-height-default\" data-id=\"1802e603\" data-element_type=\"section\" data-e-type=\"section\">\n\t\t\t\t\t\t<div class=\"elementor-container elementor-column-gap-default\">\n\t\t\t\t\t<div class=\"elementor-column elementor-col-100 elementor-top-column elementor-element elementor-element-7c2d1f7\" data-id=\"7c2d1f7\" data-element_type=\"column\" data-e-type=\"column\">\n\t\t\t<div class=\"elementor-widget-wrap elementor-element-populated\">\n\t\t\t\t\t\t<div class=\"elementor-element elementor-element-1393da8f elementor-widget elementor-widget-text-editor\" data-id=\"1393da8f\" data-element_type=\"widget\" data-e-type=\"widget\" data-widget_type=\"text-editor.default\">\n\t\t\t\t<div class=\"elementor-widget-container\">\n\t\t\t\t\t\t\t\t\t\n<p>El Intendente Municipal, Ing. Jos\u00e9 Luis Zara, particip\u00f3 este viernes de la licitaci\u00f3n de la obra de Reserva \u201cCisterna en Plaza Lacarra\u201d, en Carmen de Patagones.<\/p>\n\n\n\n<p>El acto fue realizado de forma virtual, por la subsecretar\u00eda de Recursos H\u00eddricos a trav\u00e9s de la Direcci\u00f3n Provincial de Agua y Cloaca (DIPAC).<\/p>\n\n\n\n<p>Estuvieron presentes,&nbsp; el Subsecretario de Recursos H\u00eddricos, Guillermo Jelinski; el Director Provincial de Agua y Cloaca (DIPAC) Sergio Benet, y el Presidente de ABSA, Germ\u00e1n Ciucci.<\/p>\n\n\n\n<p>La nueva cisterna, cuya inversi\u00f3n es superior a los 90 millones de pesos, tendr\u00e1 una capacidad de 2 millones de litros de agua, destinada a atender las necesidades de los habitantes de la ciudad cabecera.<\/p>\n\n\n\n<p>Funcionar\u00e1 en conjunto con la cisterna existente y un tanque elevado, de manera de producir la reserva m\u00ednima diaria, alcanzando a m\u00e1s de 20 mil habitantes. Los trabajos a realizar comprenden la construcci\u00f3n de Ca\u00f1er\u00edas de interconexi\u00f3n PVC y la construcci\u00f3n de una Cisterna de Hormig\u00f3n armado de 2000 m3 en la intersecci\u00f3n de las calles C\u00f3rdoba e Yrigoyen.<\/p>\n\n\n\n<figure class=\"wp-block-gallery columns-2 is-cropped wp-block-gallery-2 is-layout-flex wp-block-gallery-is-layout-flex\"><ul class=\"blocks-gallery-grid\"><li class=\"blocks-gallery-item\"><figure><img fetchpriority=\"high\" decoding=\"async\" width=\"720\" height=\"480\" src=\"http:\/\/www.elpolitologoyelpolitico.com.ar:8081\/wordpress\/wp-content\/uploads\/2021\/05\/WhatsApp-Image-2021-05-10-at-6.44.26-PM-1.jpeg\" alt=\"\" data-id=\"2739\" data-full-url=\"http:\/\/www.elpolitologoyelpolitico.com.ar:8081\/wordpress\/wp-content\/uploads\/2021\/05\/WhatsApp-Image-2021-05-10-at-6.44.26-PM-1.jpeg\" data-link=\"http:\/\/www.elpolitologoyelpolitico.com.ar:8081\/wordpress\/?attachment_id=2739\" class=\"wp-image-2739\" srcset=\"https:\/\/www.elpolitologoyelpolitico.com.ar\/wp-content\/uploads\/2021\/05\/WhatsApp-Image-2021-05-10-at-6.44.26-PM-1.jpeg 720w, https:\/\/www.elpolitologoyelpolitico.com.ar\/wp-content\/uploads\/2021\/05\/WhatsApp-Image-2021-05-10-at-6.44.26-PM-1-300x200.jpeg 300w\" sizes=\"(max-width: 720px) 100vw, 720px\" \/><\/figure><\/li><li class=\"blocks-gallery-item\"><figure><img decoding=\"async\" width=\"720\" height=\"480\" src=\"http:\/\/www.elpolitologoyelpolitico.com.ar:8081\/wordpress\/wp-content\/uploads\/2021\/05\/WhatsApp-Image-2021-05-10-at-6.44.26-PM.jpeg\" alt=\"\" data-id=\"2740\" data-full-url=\"http:\/\/www.elpolitologoyelpolitico.com.ar:8081\/wordpress\/wp-content\/uploads\/2021\/05\/WhatsApp-Image-2021-05-10-at-6.44.26-PM.jpeg\" data-link=\"http:\/\/www.elpolitologoyelpolitico.com.ar:8081\/wordpress\/?attachment_id=2740\" class=\"wp-image-2740\" srcset=\"https:\/\/www.elpolitologoyelpolitico.com.ar\/wp-content\/uploads\/2021\/05\/WhatsApp-Image-2021-05-10-at-6.44.26-PM.jpeg 720w, https:\/\/www.elpolitologoyelpolitico.com.ar\/wp-content\/uploads\/2021\/05\/WhatsApp-Image-2021-05-10-at-6.44.26-PM-300x200.jpeg 300w\" sizes=\"(max-width: 720px) 100vw, 720px\" \/><\/figure><\/li><\/ul><\/figure>\n\t\t\t\t\t\t\t\t<\/div>\n\t\t\t\t<\/div>\n\t\t\t\t\t<\/div>\n\t\t<\/div>\n\t\t\t\t\t<\/div>\n\t\t<\/section>\n\t\t\t\t<\/div>\n\t\t<div class=\"fb-background-color\">\n\t\t\t  <div \n\t\t\t  \tclass = \"fb-comments\" \n\t\t\t  \tdata-href = \"https:\/\/www.elpolitologoyelpolitico.com.ar\/wordpress\/2021\/05\/10\/se-licito-la-obra-de-construccion-de-la-nueva-cisterna-en-la-plaza-lacarra\/\"\n\t\t\t  \tdata-numposts = \"10\"\n\t\t\t  \tdata-lazy = \"true\"\n\t\t\t\tdata-colorscheme = \"light\"\n\t\t\t\tdata-order-by = \"social\"\n\t\t\t\tdata-mobile=true>\n\t\t\t  <\/div><\/div>\n\t\t  <style>\n\t\t    .fb-background-color {\n\t\t\t\tbackground: #ffffff !important;\n\t\t\t}\n\t\t\t.fb_iframe_widget_fluid_desktop iframe {\n\t\t\t    width: 100% !important;\n\t\t\t}\n\t\t  <\/style>\n\t\t  ","protected":false},"excerpt":{"rendered":"<p>El Intendente Municipal, Ing. Jos\u00e9 Luis Zara, particip\u00f3 este viernes de la licitaci\u00f3n de la obra de Reserva \u201cCisterna en Plaza Lacarra\u201d, en Carmen de Patagones. El acto fue realizado de forma virtual, por la subsecretar\u00eda de Recursos H\u00eddricos a trav\u00e9s de la Direcci\u00f3n Provincial de Agua y Cloaca (DIPAC). Estuvieron presentes,&nbsp; el Subsecretario de [&hellip;]<\/p>\n","protected":false},"author":4,"featured_media":2738,"comment_status":"closed","ping_status":"closed","sticky":false,"template":"","format":"standard","meta":{"_joinchat":[],"footnotes":""},"categories":[39],"tags":[],"class_list":["post-2737","post","type-post","status-publish","format-standard","has-post-thumbnail","hentry","category-en-esta-seccion"],"_links":{"self":[{"href":"https:\/\/www.elpolitologoyelpolitico.com.ar\/wordpress\/wp-json\/wp\/v2\/posts\/2737","targetHints":{"allow":["GET"]}}],"collection":[{"href":"https:\/\/www.elpolitologoyelpolitico.com.ar\/wordpress\/wp-json\/wp\/v2\/posts"}],"about":[{"href":"https:\/\/www.elpolitologoyelpolitico.com.ar\/wordpress\/wp-json\/wp\/v2\/types\/post"}],"author":[{"embeddable":true,"href":"https:\/\/www.elpolitologoyelpolitico.com.ar\/wordpress\/wp-json\/wp\/v2\/users\/4"}],"replies":[{"embeddable":true,"href":"https:\/\/www.elpolitologoyelpolitico.com.ar\/wordpress\/wp-json\/wp\/v2\/comments?post=2737"}],"version-history":[{"count":0,"href":"https:\/\/www.elpolitologoyelpolitico.com.ar\/wordpress\/wp-json\/wp\/v2\/posts\/2737\/revisions"}],"wp:featuredmedia":[{"embeddable":true,"href":"https:\/\/www.elpolitologoyelpolitico.com.ar\/wordpress\/wp-json\/wp\/v2\/media\/2738"}],"wp:attachment":[{"href":"https:\/\/www.elpolitologoyelpolitico.com.ar\/wordpress\/wp-json\/wp\/v2\/media?parent=2737"}],"wp:term":[{"taxonomy":"category","embeddable":true,"href":"https:\/\/www.elpolitologoyelpolitico.com.ar\/wordpress\/wp-json\/wp\/v2\/categories?post=2737"},{"taxonomy":"post_tag","embeddable":true,"href":"https:\/\/www.elpolitologoyelpolitico.com.ar\/wordpress\/wp-json\/wp\/v2\/tags?post=2737"}],"curies":[{"name":"wp","href":"https:\/\/api.w.org\/{rel}","templated":true}]}}