{"id":2729,"date":"2021-05-10T22:03:57","date_gmt":"2021-05-10T22:03:57","guid":{"rendered":"https:\/\/www.elpolitologoyelpolitico.com.ar\/wordpress\/?p=2729"},"modified":"2021-05-10T22:04:30","modified_gmt":"2021-05-10T22:04:30","slug":"vamos-a-crear-un-carnet-unico-en-reemplazo-de-la-libreta-sanitaria","status":"publish","type":"post","link":"https:\/\/www.elpolitologoyelpolitico.com.ar\/wordpress\/2021\/05\/10\/vamos-a-crear-un-carnet-unico-en-reemplazo-de-la-libreta-sanitaria\/","title":{"rendered":"Vamos a crear un carnet \u00fanico en reemplazo de la libreta sanitaria"},"content":{"rendered":"\t\t<div data-elementor-type=\"wp-post\" data-elementor-id=\"2729\" class=\"elementor elementor-2729\">\n\t\t\t\t\t\t<section class=\"elementor-section elementor-top-section elementor-element elementor-element-25b0cbe0 elementor-section-boxed elementor-section-height-default elementor-section-height-default\" data-id=\"25b0cbe0\" data-element_type=\"section\" data-e-type=\"section\">\n\t\t\t\t\t\t<div class=\"elementor-container elementor-column-gap-default\">\n\t\t\t\t\t<div class=\"elementor-column elementor-col-100 elementor-top-column elementor-element elementor-element-5faa3b82\" data-id=\"5faa3b82\" data-element_type=\"column\" data-e-type=\"column\">\n\t\t\t<div class=\"elementor-widget-wrap elementor-element-populated\">\n\t\t\t\t\t\t<div class=\"elementor-element elementor-element-ee21aaa elementor-widget elementor-widget-text-editor\" data-id=\"ee21aaa\" data-element_type=\"widget\" data-e-type=\"widget\" data-widget_type=\"text-editor.default\">\n\t\t\t\t<div class=\"elementor-widget-container\">\n\t\t\t\t\t\t\t\t\t\n<p>Desde el inicio de la pandemia se viene trabajando en conjunto con el \u00e1rea de defensa civil en un control estricto y con otros organismos municipales, provinciales y Nacionales.<\/p>\n\n\n\n<p>Este fin de semana se llevaron a cabo distintos controles en la Ciudad de Viedma <strong>\u201cEl objetivo de la subsecretar\u00eda de protecci\u00f3n ciudadana es velar por la salubridad y la prevenci\u00f3n, para cuidar y proteger a la comunidad viedmense\u201d<\/strong> manifest\u00f3 Flores.<\/p>\n\n\n\n<p>Desde el puesto de Bromatolog\u00eda existe un control exhaustivo a los camioneros que ingresan con alimentos a la ciudad y el d\u00eda s\u00e1bado, se decomis\u00f3 mercader\u00eda que se hallaba en mal estado.<\/p>\n\n\n\n<p><strong>\u201cEl resultado ha sido asertivo y positivo porque nosotros hemos logrado colaborar con salud p\u00fablica y con las fuerzas de seguridad, que tiene que ver con cuidar y proteger a la sociedad\u201d <\/strong>sostuvo el subsecretario.<\/p>\n\n\n\n<p>Seg\u00fan Jos\u00e9 Flores <strong>\u201cDurante la madrugada del s\u00e1bado, aproximadamente a las 03:30 hs, se procedi\u00f3 a infraccionar una cervecer\u00eda que contaba con personas adentro del local y se elaboraron las actas correspondientes que ser\u00e1n elevadas al Juez de Faltas\u201d<\/strong> Desde la Subsecretaria, est\u00e1n trabajando en conjunto con distintos organismos. Desde el \u00e1rea de bromatolog\u00eda y agricultura de Provincia, esperan realizar buenas pr\u00e1cticas hort\u00edcolas en lo que respecta a la feria municipal. <strong>\u201cVamos a crear un carnet \u00fanico en reemplazo de la libreta sanitaria\u201d<\/strong> y agreg\u00f3<strong> \u201cPara obtener el mismo se llevaran los tr\u00e1mites correspondientes y un curso con una duraci\u00f3n de 7hs en pr\u00e1cticas alimentarias\u201d<\/strong> Finaliz\u00f3 el Licenciado.<\/p>\n\n\n\n<figure class=\"wp-block-gallery columns-2 is-cropped wp-block-gallery-2 is-layout-flex wp-block-gallery-is-layout-flex\"><ul class=\"blocks-gallery-grid\"><li class=\"blocks-gallery-item\"><figure><img fetchpriority=\"high\" decoding=\"async\" width=\"720\" height=\"960\" src=\"http:\/\/www.elpolitologoyelpolitico.com.ar:8081\/wordpress\/wp-content\/uploads\/2021\/05\/WhatsApp-Image-2021-05-10-at-6.27.38-PM-1.jpeg\" alt=\"\" data-id=\"2731\" data-full-url=\"http:\/\/www.elpolitologoyelpolitico.com.ar:8081\/wordpress\/wp-content\/uploads\/2021\/05\/WhatsApp-Image-2021-05-10-at-6.27.38-PM-1.jpeg\" data-link=\"http:\/\/www.elpolitologoyelpolitico.com.ar:8081\/wordpress\/?attachment_id=2731\" class=\"wp-image-2731\" srcset=\"https:\/\/www.elpolitologoyelpolitico.com.ar\/wp-content\/uploads\/2021\/05\/WhatsApp-Image-2021-05-10-at-6.27.38-PM-1.jpeg 720w, https:\/\/www.elpolitologoyelpolitico.com.ar\/wp-content\/uploads\/2021\/05\/WhatsApp-Image-2021-05-10-at-6.27.38-PM-1-225x300.jpeg 225w\" sizes=\"(max-width: 720px) 100vw, 720px\" \/><\/figure><\/li><li class=\"blocks-gallery-item\"><figure><img decoding=\"async\" width=\"720\" height=\"540\" src=\"http:\/\/www.elpolitologoyelpolitico.com.ar:8081\/wordpress\/wp-content\/uploads\/2021\/05\/WhatsApp-Image-2021-05-10-at-6.27.37-PM.jpeg\" alt=\"\" data-id=\"2732\" data-full-url=\"http:\/\/www.elpolitologoyelpolitico.com.ar:8081\/wordpress\/wp-content\/uploads\/2021\/05\/WhatsApp-Image-2021-05-10-at-6.27.37-PM.jpeg\" data-link=\"http:\/\/www.elpolitologoyelpolitico.com.ar:8081\/wordpress\/?attachment_id=2732\" class=\"wp-image-2732\" srcset=\"https:\/\/www.elpolitologoyelpolitico.com.ar\/wp-content\/uploads\/2021\/05\/WhatsApp-Image-2021-05-10-at-6.27.37-PM.jpeg 720w, https:\/\/www.elpolitologoyelpolitico.com.ar\/wp-content\/uploads\/2021\/05\/WhatsApp-Image-2021-05-10-at-6.27.37-PM-300x225.jpeg 300w\" sizes=\"(max-width: 720px) 100vw, 720px\" \/><\/figure><\/li><\/ul><\/figure>\n\t\t\t\t\t\t\t\t<\/div>\n\t\t\t\t<\/div>\n\t\t\t\t\t<\/div>\n\t\t<\/div>\n\t\t\t\t\t<\/div>\n\t\t<\/section>\n\t\t\t\t<\/div>\n\t\t<div class=\"fb-background-color\">\n\t\t\t  <div \n\t\t\t  \tclass = \"fb-comments\" \n\t\t\t  \tdata-href = \"https:\/\/www.elpolitologoyelpolitico.com.ar\/wordpress\/2021\/05\/10\/vamos-a-crear-un-carnet-unico-en-reemplazo-de-la-libreta-sanitaria\/\"\n\t\t\t  \tdata-numposts = \"10\"\n\t\t\t  \tdata-lazy = \"true\"\n\t\t\t\tdata-colorscheme = \"light\"\n\t\t\t\tdata-order-by = \"social\"\n\t\t\t\tdata-mobile=true>\n\t\t\t  <\/div><\/div>\n\t\t  <style>\n\t\t    .fb-background-color {\n\t\t\t\tbackground: #ffffff !important;\n\t\t\t}\n\t\t\t.fb_iframe_widget_fluid_desktop iframe {\n\t\t\t    width: 100% !important;\n\t\t\t}\n\t\t  <\/style>\n\t\t  ","protected":false},"excerpt":{"rendered":"<p>Desde el inicio de la pandemia se viene trabajando en conjunto con el \u00e1rea de defensa civil en un control estricto y con otros organismos municipales, provinciales y Nacionales. Este fin de semana se llevaron a cabo distintos controles en la Ciudad de Viedma \u201cEl objetivo de la subsecretar\u00eda de protecci\u00f3n ciudadana es velar por [&hellip;]<\/p>\n","protected":false},"author":4,"featured_media":2730,"comment_status":"closed","ping_status":"closed","sticky":false,"template":"","format":"standard","meta":{"_joinchat":[],"footnotes":""},"categories":[21],"tags":[],"class_list":["post-2729","post","type-post","status-publish","format-standard","has-post-thumbnail","hentry","category-actores-politicos"],"_links":{"self":[{"href":"https:\/\/www.elpolitologoyelpolitico.com.ar\/wordpress\/wp-json\/wp\/v2\/posts\/2729","targetHints":{"allow":["GET"]}}],"collection":[{"href":"https:\/\/www.elpolitologoyelpolitico.com.ar\/wordpress\/wp-json\/wp\/v2\/posts"}],"about":[{"href":"https:\/\/www.elpolitologoyelpolitico.com.ar\/wordpress\/wp-json\/wp\/v2\/types\/post"}],"author":[{"embeddable":true,"href":"https:\/\/www.elpolitologoyelpolitico.com.ar\/wordpress\/wp-json\/wp\/v2\/users\/4"}],"replies":[{"embeddable":true,"href":"https:\/\/www.elpolitologoyelpolitico.com.ar\/wordpress\/wp-json\/wp\/v2\/comments?post=2729"}],"version-history":[{"count":0,"href":"https:\/\/www.elpolitologoyelpolitico.com.ar\/wordpress\/wp-json\/wp\/v2\/posts\/2729\/revisions"}],"wp:featuredmedia":[{"embeddable":true,"href":"https:\/\/www.elpolitologoyelpolitico.com.ar\/wordpress\/wp-json\/wp\/v2\/media\/2730"}],"wp:attachment":[{"href":"https:\/\/www.elpolitologoyelpolitico.com.ar\/wordpress\/wp-json\/wp\/v2\/media?parent=2729"}],"wp:term":[{"taxonomy":"category","embeddable":true,"href":"https:\/\/www.elpolitologoyelpolitico.com.ar\/wordpress\/wp-json\/wp\/v2\/categories?post=2729"},{"taxonomy":"post_tag","embeddable":true,"href":"https:\/\/www.elpolitologoyelpolitico.com.ar\/wordpress\/wp-json\/wp\/v2\/tags?post=2729"}],"curies":[{"name":"wp","href":"https:\/\/api.w.org\/{rel}","templated":true}]}}