{"id":2717,"date":"2021-05-10T17:07:08","date_gmt":"2021-05-10T17:07:08","guid":{"rendered":"https:\/\/www.elpolitologoyelpolitico.com.ar\/wordpress\/?p=2717"},"modified":"2021-05-10T17:07:38","modified_gmt":"2021-05-10T17:07:38","slug":"en-el-dia-de-la-fecha-son-109-los-casos-de-covid-19-en-patagones","status":"publish","type":"post","link":"https:\/\/www.elpolitologoyelpolitico.com.ar\/wordpress\/2021\/05\/10\/en-el-dia-de-la-fecha-son-109-los-casos-de-covid-19-en-patagones\/","title":{"rendered":"En el d\u00eda de la fecha son 109 los casos de covid-19 en Patagones."},"content":{"rendered":"\t\t<div data-elementor-type=\"wp-post\" data-elementor-id=\"2717\" class=\"elementor elementor-2717\">\n\t\t\t\t\t\t<section class=\"elementor-section elementor-top-section elementor-element elementor-element-3966037c elementor-section-boxed elementor-section-height-default elementor-section-height-default\" data-id=\"3966037c\" data-element_type=\"section\" data-e-type=\"section\">\n\t\t\t\t\t\t<div class=\"elementor-container elementor-column-gap-default\">\n\t\t\t\t\t<div class=\"elementor-column elementor-col-100 elementor-top-column elementor-element elementor-element-11a64630\" data-id=\"11a64630\" data-element_type=\"column\" data-e-type=\"column\">\n\t\t\t<div class=\"elementor-widget-wrap elementor-element-populated\">\n\t\t\t\t\t\t<div class=\"elementor-element elementor-element-3e355caf elementor-widget elementor-widget-text-editor\" data-id=\"3e355caf\" data-element_type=\"widget\" data-e-type=\"widget\" data-widget_type=\"text-editor.default\">\n\t\t\t\t<div class=\"elementor-widget-container\">\n\t\t\t\t\t\t\t\t\t\n<p>La Secretar\u00eda de Salud de Patagones confirm\u00f3 que se registraron 8 nuevos casos positivos de COVID en Patagones.<\/p>\n\n\n\n<p>Adem\u00e1s, inform\u00f3 que fueron descartados, a trav\u00e9s de los estudios correspondientes, 10 sospechosos, mientras que 12 pacientes recibieron el alta.<\/p>\n\n\n\n<p>A la fecha, son 109 positivos activos, 3070 los estudios con resultado negativo y 2080 los pacientes recuperados.<\/p>\n\n\n\n<p>En tanto, en las \u00faltimas horas se produjo un deceso, por lo que desde el inicio de la pandemia, suman 66 los fallecidos.<\/p>\n\n\n\n<p>Se recomienda a la poblaci\u00f3n continuar tomando todas las medidas preventivas; mantener el distanciamiento social, procurar el constante lavado de manos; uso de alcohol en gel y cubrebocas.<\/p>\n\n\n\n<p>Finalmente, se insta a continuar informados a trav\u00e9s de los canales oficiales.<\/p>\n\t\t\t\t\t\t\t\t<\/div>\n\t\t\t\t<\/div>\n\t\t\t\t\t<\/div>\n\t\t<\/div>\n\t\t\t\t\t<\/div>\n\t\t<\/section>\n\t\t\t\t<\/div>\n\t\t<div class=\"fb-background-color\">\n\t\t\t  <div \n\t\t\t  \tclass = \"fb-comments\" \n\t\t\t  \tdata-href = \"https:\/\/www.elpolitologoyelpolitico.com.ar\/wordpress\/2021\/05\/10\/en-el-dia-de-la-fecha-son-109-los-casos-de-covid-19-en-patagones\/\"\n\t\t\t  \tdata-numposts = \"10\"\n\t\t\t  \tdata-lazy = \"true\"\n\t\t\t\tdata-colorscheme = \"light\"\n\t\t\t\tdata-order-by = \"social\"\n\t\t\t\tdata-mobile=true>\n\t\t\t  <\/div><\/div>\n\t\t  <style>\n\t\t    .fb-background-color {\n\t\t\t\tbackground: #ffffff !important;\n\t\t\t}\n\t\t\t.fb_iframe_widget_fluid_desktop iframe {\n\t\t\t    width: 100% !important;\n\t\t\t}\n\t\t  <\/style>\n\t\t  ","protected":false},"excerpt":{"rendered":"<p>La Secretar\u00eda de Salud de Patagones confirm\u00f3 que se registraron 8 nuevos casos positivos de COVID en Patagones. Adem\u00e1s, inform\u00f3 que fueron descartados, a trav\u00e9s de los estudios correspondientes, 10 sospechosos, mientras que 12 pacientes recibieron el alta. A la fecha, son 109 positivos activos, 3070 los estudios con resultado negativo y 2080 los pacientes [&hellip;]<\/p>\n","protected":false},"author":4,"featured_media":2718,"comment_status":"closed","ping_status":"closed","sticky":false,"template":"","format":"standard","meta":{"_joinchat":[],"footnotes":""},"categories":[39],"tags":[],"class_list":["post-2717","post","type-post","status-publish","format-standard","has-post-thumbnail","hentry","category-en-esta-seccion"],"_links":{"self":[{"href":"https:\/\/www.elpolitologoyelpolitico.com.ar\/wordpress\/wp-json\/wp\/v2\/posts\/2717","targetHints":{"allow":["GET"]}}],"collection":[{"href":"https:\/\/www.elpolitologoyelpolitico.com.ar\/wordpress\/wp-json\/wp\/v2\/posts"}],"about":[{"href":"https:\/\/www.elpolitologoyelpolitico.com.ar\/wordpress\/wp-json\/wp\/v2\/types\/post"}],"author":[{"embeddable":true,"href":"https:\/\/www.elpolitologoyelpolitico.com.ar\/wordpress\/wp-json\/wp\/v2\/users\/4"}],"replies":[{"embeddable":true,"href":"https:\/\/www.elpolitologoyelpolitico.com.ar\/wordpress\/wp-json\/wp\/v2\/comments?post=2717"}],"version-history":[{"count":0,"href":"https:\/\/www.elpolitologoyelpolitico.com.ar\/wordpress\/wp-json\/wp\/v2\/posts\/2717\/revisions"}],"wp:featuredmedia":[{"embeddable":true,"href":"https:\/\/www.elpolitologoyelpolitico.com.ar\/wordpress\/wp-json\/wp\/v2\/media\/2718"}],"wp:attachment":[{"href":"https:\/\/www.elpolitologoyelpolitico.com.ar\/wordpress\/wp-json\/wp\/v2\/media?parent=2717"}],"wp:term":[{"taxonomy":"category","embeddable":true,"href":"https:\/\/www.elpolitologoyelpolitico.com.ar\/wordpress\/wp-json\/wp\/v2\/categories?post=2717"},{"taxonomy":"post_tag","embeddable":true,"href":"https:\/\/www.elpolitologoyelpolitico.com.ar\/wordpress\/wp-json\/wp\/v2\/tags?post=2717"}],"curies":[{"name":"wp","href":"https:\/\/api.w.org\/{rel}","templated":true}]}}