{"id":2699,"date":"2021-05-07T22:55:07","date_gmt":"2021-05-07T22:55:07","guid":{"rendered":"https:\/\/www.elpolitologoyelpolitico.com.ar\/wordpress\/?p=2699"},"modified":"2021-05-07T23:27:00","modified_gmt":"2021-05-07T23:27:00","slug":"es-importante-llegar-a-la-gente-que-realmente-lo-necesita","status":"publish","type":"post","link":"https:\/\/www.elpolitologoyelpolitico.com.ar\/wordpress\/2021\/05\/07\/es-importante-llegar-a-la-gente-que-realmente-lo-necesita\/","title":{"rendered":"\u201cEs importante llegar a la gente que realmente lo necesita\u201d"},"content":{"rendered":"\t\t<div data-elementor-type=\"wp-post\" data-elementor-id=\"2699\" class=\"elementor elementor-2699\">\n\t\t\t\t\t\t<section class=\"elementor-section elementor-top-section elementor-element elementor-element-aef5d29 elementor-section-boxed elementor-section-height-default elementor-section-height-default\" data-id=\"aef5d29\" data-element_type=\"section\" data-e-type=\"section\">\n\t\t\t\t\t\t<div class=\"elementor-container elementor-column-gap-default\">\n\t\t\t\t\t<div class=\"elementor-column elementor-col-100 elementor-top-column elementor-element elementor-element-d1fd3c1\" data-id=\"d1fd3c1\" data-element_type=\"column\" data-e-type=\"column\">\n\t\t\t<div class=\"elementor-widget-wrap elementor-element-populated\">\n\t\t\t\t\t\t<div class=\"elementor-element elementor-element-6642c95d elementor-widget elementor-widget-text-editor\" data-id=\"6642c95d\" data-element_type=\"widget\" data-e-type=\"widget\" data-widget_type=\"text-editor.default\">\n\t\t\t\t<div class=\"elementor-widget-container\">\n\t\t\t\t\t\t\t\t\t\n<p>Mario Bustamante, integrante de la agrupaci\u00f3n 10 de Diciembre, viene trabajando hace tiempo en la Pol\u00edtica. Desde muy joven participa activamente en agrupaciones sociales y pol\u00edticas.<\/p>\n\n\n\n<p>El mismo defini\u00f3 la pol\u00edtica como <strong>\u201cuna herramienta que permite transformar a la sociedad y hay que llevarle el Estado a la gente\u201d <\/strong>y agreg\u00f3 <strong>\u201cEs&nbsp; importante con las herramientas que tiene el Estado poder llegar a la gente que realmente lo necesita\u201d.<\/strong><\/p>\n\n\n\n<p>Por otro lado sostuvo <strong>\u201cGobernar en este contexto requiere de un gran esfuerzo y el Estado en todos sus estratos atraves\u00f3 la situaci\u00f3n de la manera que pudo\u201d.<\/strong><\/p>\n\n\n\n<p>Adem\u00e1s, afirm\u00f3<strong>&nbsp; \u201cEl pa\u00eds ya estaba atravesando una situaci\u00f3n dif\u00edcil pero con la llegada de la pandemia se intensifico y la reactivaci\u00f3n de la econom\u00eda es fundamental porque hoy el pa\u00eds no est\u00e1 en las mismas situaciones que el a\u00f1o pasado\u201d.<\/strong><\/p>\n\n\n\n<p>En estos \u00faltimos d\u00edas se vienen tomando ciertas medidas mas estrictas en todo el territorio Nacional y seg\u00fan Bustamante <strong>\u201chay que tener un equilibrio, las restricciones se hacen con la gente, hablando con el comerciante, con el trabajador independiente, con los alba\u00f1iles y con todos los sectores de la sociedad\u201d<\/strong><\/p>\n\n\n\n<p>Desde la agrupaci\u00f3n 10 de Diciembre, est\u00e1n trabajando en lo socio-comunitario con distintas actividades. Como pr\u00f3xima actividad realizar\u00e1n una rifa y con lo recaudado se comprar\u00e1n frazadas para los sectores m\u00e1s vulnerables de la Ciudad.<\/p>\n\t\t\t\t\t\t\t\t<\/div>\n\t\t\t\t<\/div>\n\t\t\t\t\t<\/div>\n\t\t<\/div>\n\t\t\t\t\t<\/div>\n\t\t<\/section>\n\t\t\t\t<\/div>\n\t\t<div class=\"fb-background-color\">\n\t\t\t  <div \n\t\t\t  \tclass = \"fb-comments\" \n\t\t\t  \tdata-href = \"https:\/\/www.elpolitologoyelpolitico.com.ar\/wordpress\/2021\/05\/07\/es-importante-llegar-a-la-gente-que-realmente-lo-necesita\/\"\n\t\t\t  \tdata-numposts = \"10\"\n\t\t\t  \tdata-lazy = \"true\"\n\t\t\t\tdata-colorscheme = \"light\"\n\t\t\t\tdata-order-by = \"social\"\n\t\t\t\tdata-mobile=true>\n\t\t\t  <\/div><\/div>\n\t\t  <style>\n\t\t    .fb-background-color {\n\t\t\t\tbackground: #ffffff !important;\n\t\t\t}\n\t\t\t.fb_iframe_widget_fluid_desktop iframe {\n\t\t\t    width: 100% !important;\n\t\t\t}\n\t\t  <\/style>\n\t\t  ","protected":false},"excerpt":{"rendered":"<p>Mario Bustamante, integrante de la agrupaci\u00f3n 10 de Diciembre, viene trabajando hace tiempo en la Pol\u00edtica. Desde muy joven participa activamente en agrupaciones sociales y pol\u00edticas. El mismo defini\u00f3 la pol\u00edtica como \u201cuna herramienta que permite transformar a la sociedad y hay que llevarle el Estado a la gente\u201d y agreg\u00f3 \u201cEs&nbsp; importante con las [&hellip;]<\/p>\n","protected":false},"author":4,"featured_media":2685,"comment_status":"closed","ping_status":"closed","sticky":false,"template":"","format":"standard","meta":{"_joinchat":[],"footnotes":""},"categories":[3],"tags":[],"class_list":["post-2699","post","type-post","status-publish","format-standard","has-post-thumbnail","hentry","category-actores-sociales"],"_links":{"self":[{"href":"https:\/\/www.elpolitologoyelpolitico.com.ar\/wordpress\/wp-json\/wp\/v2\/posts\/2699","targetHints":{"allow":["GET"]}}],"collection":[{"href":"https:\/\/www.elpolitologoyelpolitico.com.ar\/wordpress\/wp-json\/wp\/v2\/posts"}],"about":[{"href":"https:\/\/www.elpolitologoyelpolitico.com.ar\/wordpress\/wp-json\/wp\/v2\/types\/post"}],"author":[{"embeddable":true,"href":"https:\/\/www.elpolitologoyelpolitico.com.ar\/wordpress\/wp-json\/wp\/v2\/users\/4"}],"replies":[{"embeddable":true,"href":"https:\/\/www.elpolitologoyelpolitico.com.ar\/wordpress\/wp-json\/wp\/v2\/comments?post=2699"}],"version-history":[{"count":0,"href":"https:\/\/www.elpolitologoyelpolitico.com.ar\/wordpress\/wp-json\/wp\/v2\/posts\/2699\/revisions"}],"wp:featuredmedia":[{"embeddable":true,"href":"https:\/\/www.elpolitologoyelpolitico.com.ar\/wordpress\/wp-json\/wp\/v2\/media\/2685"}],"wp:attachment":[{"href":"https:\/\/www.elpolitologoyelpolitico.com.ar\/wordpress\/wp-json\/wp\/v2\/media?parent=2699"}],"wp:term":[{"taxonomy":"category","embeddable":true,"href":"https:\/\/www.elpolitologoyelpolitico.com.ar\/wordpress\/wp-json\/wp\/v2\/categories?post=2699"},{"taxonomy":"post_tag","embeddable":true,"href":"https:\/\/www.elpolitologoyelpolitico.com.ar\/wordpress\/wp-json\/wp\/v2\/tags?post=2699"}],"curies":[{"name":"wp","href":"https:\/\/api.w.org\/{rel}","templated":true}]}}