{"id":2674,"date":"2021-05-07T16:54:39","date_gmt":"2021-05-07T16:54:39","guid":{"rendered":"https:\/\/www.elpolitologoyelpolitico.com.ar\/wordpress\/?p=2674"},"modified":"2021-05-07T16:58:58","modified_gmt":"2021-05-07T16:58:58","slug":"se-realizo-la-licitacion-para-la-tercera-etapa-de-la-obra-de-nexo-red-cloacal-del-programa-un-lote-una-vivienda","status":"publish","type":"post","link":"https:\/\/www.elpolitologoyelpolitico.com.ar\/wordpress\/2021\/05\/07\/se-realizo-la-licitacion-para-la-tercera-etapa-de-la-obra-de-nexo-red-cloacal-del-programa-un-lote-una-vivienda\/","title":{"rendered":"Se realiz\u00f3 la licitaci\u00f3n para la tercera etapa de la obra de nexo red cloacal del programa \u201cUn lote, una vivienda\u201d"},"content":{"rendered":"\t\t<div data-elementor-type=\"wp-post\" data-elementor-id=\"2674\" class=\"elementor elementor-2674\">\n\t\t\t\t\t\t<section class=\"elementor-section elementor-top-section elementor-element elementor-element-e19c936 elementor-section-boxed elementor-section-height-default elementor-section-height-default\" data-id=\"e19c936\" data-element_type=\"section\" data-e-type=\"section\">\n\t\t\t\t\t\t<div class=\"elementor-container elementor-column-gap-default\">\n\t\t\t\t\t<div class=\"elementor-column elementor-col-100 elementor-top-column elementor-element elementor-element-658d130e\" data-id=\"658d130e\" data-element_type=\"column\" data-e-type=\"column\">\n\t\t\t<div class=\"elementor-widget-wrap elementor-element-populated\">\n\t\t\t\t\t\t<div class=\"elementor-element elementor-element-6b4ee5e0 elementor-widget elementor-widget-text-editor\" data-id=\"6b4ee5e0\" data-element_type=\"widget\" data-e-type=\"widget\" data-widget_type=\"text-editor.default\">\n\t\t\t\t<div class=\"elementor-widget-container\">\n\t\t\t\t\t\t\t\t\t\n<p>En representaci\u00f3n del Intendente Municipal, Ing. Jos\u00e9 Luis Zara, el Jefe de Gabinete y Coordinador Municipal, Fabio Bettinelli, presidi\u00f3 esta ma\u00f1ana la apertura de sobres de la licitaci\u00f3n correspondiente a la tercera etapa de la obra de nexo red cloacal para el loteo del programa \u201cUn lote, una vivienda\u201d.<\/p>\n\n\n\n<p>La misma se llevar\u00e1 a cabo en el marco del Programa Nacional de Suelo Urbano (PNASU), con el objetivo de dotar de servicios b\u00e1sicos al sector donde se desarrolla el mismo.<\/p>\n\n\n\n<p>Estuvieron presentes, adem\u00e1s, el Secretario de Hacienda, Ricardo Teller\u00eda, el Secretario y Subsecretario de Obras P\u00fablicas, Jorge Isaac y Roberto Haure, respectivamente, y las concejales de Juntos por el Cambio, Romina Colombi y Dolores Patan\u00e9.<\/p>\n\t\t\t\t\t\t\t\t<\/div>\n\t\t\t\t<\/div>\n\t\t\t\t\t<\/div>\n\t\t<\/div>\n\t\t\t\t\t<\/div>\n\t\t<\/section>\n\t\t\t\t<section class=\"elementor-section elementor-top-section elementor-element elementor-element-70790f1 elementor-section-boxed elementor-section-height-default elementor-section-height-default\" data-id=\"70790f1\" data-element_type=\"section\" data-e-type=\"section\">\n\t\t\t\t\t\t<div class=\"elementor-container elementor-column-gap-default\">\n\t\t\t\t\t<div class=\"elementor-column elementor-col-100 elementor-top-column elementor-element elementor-element-65f6df7\" data-id=\"65f6df7\" data-element_type=\"column\" data-e-type=\"column\">\n\t\t\t<div class=\"elementor-widget-wrap elementor-element-populated\">\n\t\t\t\t\t\t<div class=\"elementor-element elementor-element-6473d8e elementor-widget elementor-widget-image\" data-id=\"6473d8e\" data-element_type=\"widget\" data-e-type=\"widget\" data-widget_type=\"image.default\">\n\t\t\t\t<div class=\"elementor-widget-container\">\n\t\t\t\t\t\t\t\t\t\t\t\t\t\t\t<img fetchpriority=\"high\" decoding=\"async\" width=\"640\" height=\"427\" src=\"https:\/\/www.elpolitologoyelpolitico.com.ar\/wp-content\/uploads\/2021\/05\/WhatsApp-Image-2021-05-07-at-1.56.11-PM.jpeg\" class=\"attachment-large size-large wp-image-2679\" alt=\"\" srcset=\"https:\/\/www.elpolitologoyelpolitico.com.ar\/wp-content\/uploads\/2021\/05\/WhatsApp-Image-2021-05-07-at-1.56.11-PM.jpeg 960w, https:\/\/www.elpolitologoyelpolitico.com.ar\/wp-content\/uploads\/2021\/05\/WhatsApp-Image-2021-05-07-at-1.56.11-PM-300x200.jpeg 300w, https:\/\/www.elpolitologoyelpolitico.com.ar\/wp-content\/uploads\/2021\/05\/WhatsApp-Image-2021-05-07-at-1.56.11-PM-768x512.jpeg 768w\" sizes=\"(max-width: 640px) 100vw, 640px\" \/>\t\t\t\t\t\t\t\t\t\t\t\t\t\t\t<\/div>\n\t\t\t\t<\/div>\n\t\t\t\t\t<\/div>\n\t\t<\/div>\n\t\t\t\t\t<\/div>\n\t\t<\/section>\n\t\t\t\t<\/div>\n\t\t<div class=\"fb-background-color\">\n\t\t\t  <div \n\t\t\t  \tclass = \"fb-comments\" \n\t\t\t  \tdata-href = \"https:\/\/www.elpolitologoyelpolitico.com.ar\/wordpress\/2021\/05\/07\/se-realizo-la-licitacion-para-la-tercera-etapa-de-la-obra-de-nexo-red-cloacal-del-programa-un-lote-una-vivienda\/\"\n\t\t\t  \tdata-numposts = \"10\"\n\t\t\t  \tdata-lazy = \"true\"\n\t\t\t\tdata-colorscheme = \"light\"\n\t\t\t\tdata-order-by = \"social\"\n\t\t\t\tdata-mobile=true>\n\t\t\t  <\/div><\/div>\n\t\t  <style>\n\t\t    .fb-background-color {\n\t\t\t\tbackground: #ffffff !important;\n\t\t\t}\n\t\t\t.fb_iframe_widget_fluid_desktop iframe {\n\t\t\t    width: 100% !important;\n\t\t\t}\n\t\t  <\/style>\n\t\t  ","protected":false},"excerpt":{"rendered":"<p>En representaci\u00f3n del Intendente Municipal, Ing. Jos\u00e9 Luis Zara, el Jefe de Gabinete y Coordinador Municipal, Fabio Bettinelli, presidi\u00f3 esta ma\u00f1ana la apertura de sobres de la licitaci\u00f3n correspondiente a la tercera etapa de la obra de nexo red cloacal para el loteo del programa \u201cUn lote, una vivienda\u201d. La misma se llevar\u00e1 a cabo [&hellip;]<\/p>\n","protected":false},"author":4,"featured_media":2373,"comment_status":"closed","ping_status":"closed","sticky":false,"template":"","format":"standard","meta":{"_joinchat":[],"footnotes":""},"categories":[4],"tags":[],"class_list":["post-2674","post","type-post","status-publish","format-standard","has-post-thumbnail","hentry","category-politicas-publicas"],"_links":{"self":[{"href":"https:\/\/www.elpolitologoyelpolitico.com.ar\/wordpress\/wp-json\/wp\/v2\/posts\/2674","targetHints":{"allow":["GET"]}}],"collection":[{"href":"https:\/\/www.elpolitologoyelpolitico.com.ar\/wordpress\/wp-json\/wp\/v2\/posts"}],"about":[{"href":"https:\/\/www.elpolitologoyelpolitico.com.ar\/wordpress\/wp-json\/wp\/v2\/types\/post"}],"author":[{"embeddable":true,"href":"https:\/\/www.elpolitologoyelpolitico.com.ar\/wordpress\/wp-json\/wp\/v2\/users\/4"}],"replies":[{"embeddable":true,"href":"https:\/\/www.elpolitologoyelpolitico.com.ar\/wordpress\/wp-json\/wp\/v2\/comments?post=2674"}],"version-history":[{"count":0,"href":"https:\/\/www.elpolitologoyelpolitico.com.ar\/wordpress\/wp-json\/wp\/v2\/posts\/2674\/revisions"}],"wp:featuredmedia":[{"embeddable":true,"href":"https:\/\/www.elpolitologoyelpolitico.com.ar\/wordpress\/wp-json\/wp\/v2\/media\/2373"}],"wp:attachment":[{"href":"https:\/\/www.elpolitologoyelpolitico.com.ar\/wordpress\/wp-json\/wp\/v2\/media?parent=2674"}],"wp:term":[{"taxonomy":"category","embeddable":true,"href":"https:\/\/www.elpolitologoyelpolitico.com.ar\/wordpress\/wp-json\/wp\/v2\/categories?post=2674"},{"taxonomy":"post_tag","embeddable":true,"href":"https:\/\/www.elpolitologoyelpolitico.com.ar\/wordpress\/wp-json\/wp\/v2\/tags?post=2674"}],"curies":[{"name":"wp","href":"https:\/\/api.w.org\/{rel}","templated":true}]}}