{"id":2668,"date":"2021-05-07T16:52:32","date_gmt":"2021-05-07T16:52:32","guid":{"rendered":"https:\/\/www.elpolitologoyelpolitico.com.ar\/wordpress\/?p=2668"},"modified":"2021-05-07T16:52:59","modified_gmt":"2021-05-07T16:52:59","slug":"zara-llevo-a-cabo-la-licitacion-para-la-refaccion-edilicia-de-la-escuela-no-12-de-villalonga","status":"publish","type":"post","link":"https:\/\/www.elpolitologoyelpolitico.com.ar\/wordpress\/2021\/05\/07\/zara-llevo-a-cabo-la-licitacion-para-la-refaccion-edilicia-de-la-escuela-no-12-de-villalonga\/","title":{"rendered":"Zara llev\u00f3 a cabo la licitaci\u00f3n para la refacci\u00f3n edilicia de la Escuela N\u00ba 12 de Villalonga"},"content":{"rendered":"\t\t<div data-elementor-type=\"wp-post\" data-elementor-id=\"2668\" class=\"elementor elementor-2668\">\n\t\t\t\t\t\t<section class=\"elementor-section elementor-top-section elementor-element elementor-element-75b8922 elementor-section-boxed elementor-section-height-default elementor-section-height-default\" data-id=\"75b8922\" data-element_type=\"section\" data-e-type=\"section\">\n\t\t\t\t\t\t<div class=\"elementor-container elementor-column-gap-default\">\n\t\t\t\t\t<div class=\"elementor-column elementor-col-100 elementor-top-column elementor-element elementor-element-48e9bb29\" data-id=\"48e9bb29\" data-element_type=\"column\" data-e-type=\"column\">\n\t\t\t<div class=\"elementor-widget-wrap elementor-element-populated\">\n\t\t\t\t\t\t<div class=\"elementor-element elementor-element-17bfbcd6 elementor-widget elementor-widget-text-editor\" data-id=\"17bfbcd6\" data-element_type=\"widget\" data-e-type=\"widget\" data-widget_type=\"text-editor.default\">\n\t\t\t\t<div class=\"elementor-widget-container\">\n\t\t\t\t\t\t\t\t\t\n<p>En la jornada de hoy, el Intendente, Ing. Jos\u00e9 Luis Zara llev\u00f3 a cabo la apertura de sobres para la licitaci\u00f3n p\u00fablica N\u00ba 08\/21 de la obra de refacci\u00f3n edilicia para sanitarios y cubierta de la Escuela Primaria N\u00ba 12, de Villalonga.<\/p>\n\n\n\n<p>Dicha obra se enmarca dentro del Programa de Emergencia Educativa Edilicia.<\/p>\n\n\n\n<p>Estuvieron presentes el Jefe de Gabinete y Coordinador Municipal, Fabio Bettinelli, el Secretario de Hacienda, Ricardo Teller\u00eda, el Secretario de Obras y Servicios P\u00fablicos, Ing. Jorge Isaac y el Subsecretario de la misma \u00e1rea, Arq. Roberto Haure, &nbsp;la Directora de Gobierno, Dra. Adriana Llambay, la Delegada de la localidad, Luisina Ponce de Le\u00f3n, Presidente y Vicepresidente del Consejo Escolar, Paulo Bykaluk &nbsp;y Silvia Fiori, respectivamente, el Presidente del Honorable Concejo Deliberante, Julio Costantino, la concejal del bloque \u201cJuntos por el Cambio\u201d, Mar\u00eda Ciccone y los oferentes.<\/p>\n\n\n\n<p>Es importante mencionar que, dicha obra se enmarca dentro del Programa \u201cEmergencia Educativa Edilicia\u201d.<\/p>\n\t\t\t\t\t\t\t\t<\/div>\n\t\t\t\t<\/div>\n\t\t\t\t\t<\/div>\n\t\t<\/div>\n\t\t\t\t\t<\/div>\n\t\t<\/section>\n\t\t\t\t<\/div>\n\t\t<div class=\"fb-background-color\">\n\t\t\t  <div \n\t\t\t  \tclass = \"fb-comments\" \n\t\t\t  \tdata-href = \"https:\/\/www.elpolitologoyelpolitico.com.ar\/wordpress\/2021\/05\/07\/zara-llevo-a-cabo-la-licitacion-para-la-refaccion-edilicia-de-la-escuela-no-12-de-villalonga\/\"\n\t\t\t  \tdata-numposts = \"10\"\n\t\t\t  \tdata-lazy = \"true\"\n\t\t\t\tdata-colorscheme = \"light\"\n\t\t\t\tdata-order-by = \"social\"\n\t\t\t\tdata-mobile=true>\n\t\t\t  <\/div><\/div>\n\t\t  <style>\n\t\t    .fb-background-color {\n\t\t\t\tbackground: #ffffff !important;\n\t\t\t}\n\t\t\t.fb_iframe_widget_fluid_desktop iframe {\n\t\t\t    width: 100% !important;\n\t\t\t}\n\t\t  <\/style>\n\t\t  ","protected":false},"excerpt":{"rendered":"<p>En la jornada de hoy, el Intendente, Ing. Jos\u00e9 Luis Zara llev\u00f3 a cabo la apertura de sobres para la licitaci\u00f3n p\u00fablica N\u00ba 08\/21 de la obra de refacci\u00f3n edilicia para sanitarios y cubierta de la Escuela Primaria N\u00ba 12, de Villalonga. Dicha obra se enmarca dentro del Programa de Emergencia Educativa Edilicia. Estuvieron presentes [&hellip;]<\/p>\n","protected":false},"author":4,"featured_media":2669,"comment_status":"closed","ping_status":"closed","sticky":false,"template":"","format":"standard","meta":{"_joinchat":[],"footnotes":""},"categories":[39],"tags":[],"class_list":["post-2668","post","type-post","status-publish","format-standard","has-post-thumbnail","hentry","category-en-esta-seccion"],"_links":{"self":[{"href":"https:\/\/www.elpolitologoyelpolitico.com.ar\/wordpress\/wp-json\/wp\/v2\/posts\/2668","targetHints":{"allow":["GET"]}}],"collection":[{"href":"https:\/\/www.elpolitologoyelpolitico.com.ar\/wordpress\/wp-json\/wp\/v2\/posts"}],"about":[{"href":"https:\/\/www.elpolitologoyelpolitico.com.ar\/wordpress\/wp-json\/wp\/v2\/types\/post"}],"author":[{"embeddable":true,"href":"https:\/\/www.elpolitologoyelpolitico.com.ar\/wordpress\/wp-json\/wp\/v2\/users\/4"}],"replies":[{"embeddable":true,"href":"https:\/\/www.elpolitologoyelpolitico.com.ar\/wordpress\/wp-json\/wp\/v2\/comments?post=2668"}],"version-history":[{"count":0,"href":"https:\/\/www.elpolitologoyelpolitico.com.ar\/wordpress\/wp-json\/wp\/v2\/posts\/2668\/revisions"}],"wp:featuredmedia":[{"embeddable":true,"href":"https:\/\/www.elpolitologoyelpolitico.com.ar\/wordpress\/wp-json\/wp\/v2\/media\/2669"}],"wp:attachment":[{"href":"https:\/\/www.elpolitologoyelpolitico.com.ar\/wordpress\/wp-json\/wp\/v2\/media?parent=2668"}],"wp:term":[{"taxonomy":"category","embeddable":true,"href":"https:\/\/www.elpolitologoyelpolitico.com.ar\/wordpress\/wp-json\/wp\/v2\/categories?post=2668"},{"taxonomy":"post_tag","embeddable":true,"href":"https:\/\/www.elpolitologoyelpolitico.com.ar\/wordpress\/wp-json\/wp\/v2\/tags?post=2668"}],"curies":[{"name":"wp","href":"https:\/\/api.w.org\/{rel}","templated":true}]}}