{"id":2660,"date":"2021-05-07T15:51:38","date_gmt":"2021-05-07T15:51:38","guid":{"rendered":"https:\/\/www.elpolitologoyelpolitico.com.ar\/wordpress\/?p=2660"},"modified":"2021-05-07T15:52:06","modified_gmt":"2021-05-07T15:52:06","slug":"agentes-municipales-participan-del-proceso-de-pase-a-planta-permanente","status":"publish","type":"post","link":"https:\/\/www.elpolitologoyelpolitico.com.ar\/wordpress\/2021\/05\/07\/agentes-municipales-participan-del-proceso-de-pase-a-planta-permanente\/","title":{"rendered":"Agentes municipales participan del proceso de Pase a Planta Permanente"},"content":{"rendered":"\t\t<div data-elementor-type=\"wp-post\" data-elementor-id=\"2660\" class=\"elementor elementor-2660\">\n\t\t\t\t\t\t<section class=\"elementor-section elementor-top-section elementor-element elementor-element-267f4a7b elementor-section-boxed elementor-section-height-default elementor-section-height-default\" data-id=\"267f4a7b\" data-element_type=\"section\" data-e-type=\"section\">\n\t\t\t\t\t\t<div class=\"elementor-container elementor-column-gap-default\">\n\t\t\t\t\t<div class=\"elementor-column elementor-col-100 elementor-top-column elementor-element elementor-element-641015b6\" data-id=\"641015b6\" data-element_type=\"column\" data-e-type=\"column\">\n\t\t\t<div class=\"elementor-widget-wrap elementor-element-populated\">\n\t\t\t\t\t\t<div class=\"elementor-element elementor-element-7be84af6 elementor-widget elementor-widget-text-editor\" data-id=\"7be84af6\" data-element_type=\"widget\" data-e-type=\"widget\" data-widget_type=\"text-editor.default\">\n\t\t\t\t<div class=\"elementor-widget-container\">\n\t\t\t\t\t\t\t\t\t\n<p>La Subsecretar\u00eda de Recursos Humanos coordin\u00f3 para este jueves 6 y viernes 7 de mayo, la evaluaci\u00f3n para el pase a Planta Permanente de 44 agentes municipales de distintas dependencias, de Patagones y el Interior del Partido.<\/p>\n\n\n\n<p>Se trata de ingresantes correspondientes al a\u00f1o 2017, quienes est\u00e1n&nbsp;participando del proceso, seg\u00fan el compromiso del Intendente, Jos\u00e9 Luis Zara, con los gremios en la \u00faltima paritaria 2020.<\/p>\n\n\n\n<p>Agentes de las \u00e1reas de servicios, salud, viales, desarrollo social, deportes, asisten al CIC, a fin de compartir saberes relacionados con la normativa vigente.<\/p>\n\n\n\n<p>Cabe realizar una menci\u00f3n especial de agradecimiento, a la Profesora de Sordos e Hipoac\u00fasicos, Carolina Gandolfi, de la escuela Especial nro. 501, quien con gran predisposici\u00f3n colabor\u00f3, acompa\u00f1ando a una agente, comunic\u00e1ndose a trav\u00e9s del&nbsp;lenguaje de se\u00f1as.<\/p>\n\n\n\n<p>Toda la actividad se realiza, respetando los protocolos vigentes de prevenci\u00f3n del Covid 19.<\/p>\n\n\n\n<figure class=\"wp-block-image size-large\"><img fetchpriority=\"high\" decoding=\"async\" width=\"1032\" height=\"644\" src=\"http:\/\/www.elpolitologoyelpolitico.com.ar:8081\/wordpress\/wp-content\/uploads\/2021\/05\/WhatsApp-Image-2021-05-07-at-11.14.47-AM-edited.jpeg\" alt=\"\" class=\"wp-image-2663\" srcset=\"https:\/\/www.elpolitologoyelpolitico.com.ar\/wp-content\/uploads\/2021\/05\/WhatsApp-Image-2021-05-07-at-11.14.47-AM-edited.jpeg 1032w, https:\/\/www.elpolitologoyelpolitico.com.ar\/wp-content\/uploads\/2021\/05\/WhatsApp-Image-2021-05-07-at-11.14.47-AM-edited-300x187.jpeg 300w, https:\/\/www.elpolitologoyelpolitico.com.ar\/wp-content\/uploads\/2021\/05\/WhatsApp-Image-2021-05-07-at-11.14.47-AM-edited-1024x639.jpeg 1024w, https:\/\/www.elpolitologoyelpolitico.com.ar\/wp-content\/uploads\/2021\/05\/WhatsApp-Image-2021-05-07-at-11.14.47-AM-edited-768x479.jpeg 768w\" sizes=\"(max-width: 1032px) 100vw, 1032px\" \/><\/figure>\n\t\t\t\t\t\t\t\t<\/div>\n\t\t\t\t<\/div>\n\t\t\t\t\t<\/div>\n\t\t<\/div>\n\t\t\t\t\t<\/div>\n\t\t<\/section>\n\t\t\t\t<\/div>\n\t\t<div class=\"fb-background-color\">\n\t\t\t  <div \n\t\t\t  \tclass = \"fb-comments\" \n\t\t\t  \tdata-href = \"https:\/\/www.elpolitologoyelpolitico.com.ar\/wordpress\/2021\/05\/07\/agentes-municipales-participan-del-proceso-de-pase-a-planta-permanente\/\"\n\t\t\t  \tdata-numposts = \"10\"\n\t\t\t  \tdata-lazy = \"true\"\n\t\t\t\tdata-colorscheme = \"light\"\n\t\t\t\tdata-order-by = \"social\"\n\t\t\t\tdata-mobile=true>\n\t\t\t  <\/div><\/div>\n\t\t  <style>\n\t\t    .fb-background-color {\n\t\t\t\tbackground: #ffffff !important;\n\t\t\t}\n\t\t\t.fb_iframe_widget_fluid_desktop iframe {\n\t\t\t    width: 100% !important;\n\t\t\t}\n\t\t  <\/style>\n\t\t  ","protected":false},"excerpt":{"rendered":"<p>La Subsecretar\u00eda de Recursos Humanos coordin\u00f3 para este jueves 6 y viernes 7 de mayo, la evaluaci\u00f3n para el pase a Planta Permanente de 44 agentes municipales de distintas dependencias, de Patagones y el Interior del Partido. Se trata de ingresantes correspondientes al a\u00f1o 2017, quienes est\u00e1n&nbsp;participando del proceso, seg\u00fan el compromiso del Intendente, Jos\u00e9 [&hellip;]<\/p>\n","protected":false},"author":4,"featured_media":2661,"comment_status":"closed","ping_status":"closed","sticky":false,"template":"","format":"standard","meta":{"_joinchat":[],"footnotes":""},"categories":[39],"tags":[],"class_list":["post-2660","post","type-post","status-publish","format-standard","has-post-thumbnail","hentry","category-en-esta-seccion"],"_links":{"self":[{"href":"https:\/\/www.elpolitologoyelpolitico.com.ar\/wordpress\/wp-json\/wp\/v2\/posts\/2660","targetHints":{"allow":["GET"]}}],"collection":[{"href":"https:\/\/www.elpolitologoyelpolitico.com.ar\/wordpress\/wp-json\/wp\/v2\/posts"}],"about":[{"href":"https:\/\/www.elpolitologoyelpolitico.com.ar\/wordpress\/wp-json\/wp\/v2\/types\/post"}],"author":[{"embeddable":true,"href":"https:\/\/www.elpolitologoyelpolitico.com.ar\/wordpress\/wp-json\/wp\/v2\/users\/4"}],"replies":[{"embeddable":true,"href":"https:\/\/www.elpolitologoyelpolitico.com.ar\/wordpress\/wp-json\/wp\/v2\/comments?post=2660"}],"version-history":[{"count":0,"href":"https:\/\/www.elpolitologoyelpolitico.com.ar\/wordpress\/wp-json\/wp\/v2\/posts\/2660\/revisions"}],"wp:featuredmedia":[{"embeddable":true,"href":"https:\/\/www.elpolitologoyelpolitico.com.ar\/wordpress\/wp-json\/wp\/v2\/media\/2661"}],"wp:attachment":[{"href":"https:\/\/www.elpolitologoyelpolitico.com.ar\/wordpress\/wp-json\/wp\/v2\/media?parent=2660"}],"wp:term":[{"taxonomy":"category","embeddable":true,"href":"https:\/\/www.elpolitologoyelpolitico.com.ar\/wordpress\/wp-json\/wp\/v2\/categories?post=2660"},{"taxonomy":"post_tag","embeddable":true,"href":"https:\/\/www.elpolitologoyelpolitico.com.ar\/wordpress\/wp-json\/wp\/v2\/tags?post=2660"}],"curies":[{"name":"wp","href":"https:\/\/api.w.org\/{rel}","templated":true}]}}