{"id":2642,"date":"2021-05-07T13:40:16","date_gmt":"2021-05-07T13:40:16","guid":{"rendered":"https:\/\/www.elpolitologoyelpolitico.com.ar\/wordpress\/?p=2642"},"modified":"2021-05-07T13:40:50","modified_gmt":"2021-05-07T13:40:50","slug":"concurso-rincones-de-mi-pais","status":"publish","type":"post","link":"https:\/\/www.elpolitologoyelpolitico.com.ar\/wordpress\/2021\/05\/07\/concurso-rincones-de-mi-pais\/","title":{"rendered":"Concurso \u201cRincones de mi pa\u00eds\u201d"},"content":{"rendered":"\t\t<div data-elementor-type=\"wp-post\" data-elementor-id=\"2642\" class=\"elementor elementor-2642\">\n\t\t\t\t\t\t<section class=\"elementor-section elementor-top-section elementor-element elementor-element-16730880 elementor-section-boxed elementor-section-height-default elementor-section-height-default\" data-id=\"16730880\" data-element_type=\"section\" data-e-type=\"section\">\n\t\t\t\t\t\t<div class=\"elementor-container elementor-column-gap-default\">\n\t\t\t\t\t<div class=\"elementor-column elementor-col-100 elementor-top-column elementor-element elementor-element-3fe5ff8d\" data-id=\"3fe5ff8d\" data-element_type=\"column\" data-e-type=\"column\">\n\t\t\t<div class=\"elementor-widget-wrap elementor-element-populated\">\n\t\t\t\t\t\t<div class=\"elementor-element elementor-element-2c69a5b0 elementor-widget elementor-widget-text-editor\" data-id=\"2c69a5b0\" data-element_type=\"widget\" data-e-type=\"widget\" data-widget_type=\"text-editor.default\">\n\t\t\t\t<div class=\"elementor-widget-container\">\n\t\t\t\t\t\t\t\t\t\n<p>El \u00e1rea de la Juventud, dependiente de la Secretar\u00eda de Desarrollo Social invita a la comunidad a participar del concurso fotogr\u00e1fico \u201cRincones de mi pa\u00eds\u201d, organizado por el Gobierno de la Ciudad de Buenos Aires.<\/p>\n\n\n\n<p>Se trata de&nbsp;una competencia participativa por redes sociales, que pretende visibilizar a trav\u00e9s de la fotograf\u00eda, lugares, culturas y tradiciones de diferentes puntos de la Argentina.<\/p>\n\n\n\n<p>Cada foto representar\u00e1 a un municipio del pa\u00eds, quien seleccionar\u00e1 la imagen a competir con el resto de las ciudades. Las piezas que resulten ganadoras por el voto del p\u00fablico se expondr\u00e1n en una muestra llamada \u201cRincones de mi Pa\u00eds\u201d que comenzar\u00e1 en Casa de Gobierno de la Ciudad de Buenos Aires (Uspallata 3150, Parque Patricios), y luego ser\u00e1 expuesta en un centro cultural y\/o museo de la Ciudad de Buenos Aires.<\/p>\n\n\n\n<p>Tambi\u00e9n, formar\u00e1 parte de la plataforma <a href=\"https:\/\/vivamososculta.buenosaires.gob.ar\/\">https:\/\/vivamososculta.buenosaires.gob.ar\/<\/a>.<\/p>\n\n\n\n<p><br>El certamen se realiza a trav\u00e9s de una convocatoria abierta a todos los municipios del pa\u00eds a trav\u00e9s de las redes sociales.<\/p>\n\n\n\n<p>Cada municipio deber\u00e1 seleccionar por los mecanismos que definan, una \u00fanica foto de su ciudad y enviar la misma por mail a la Subsecretar\u00eda de Cooperaci\u00f3n Urbana Federal con fecha limite 31 de mato de 2021.<br><br>La competencia se realizar\u00e1 en el mes de mayo por las redes de @bacoopfederal.<br><br>El municipio deber\u00e1 presentar v\u00eda mail a&nbsp;<a href=\"mailto:gcbafederal@gmail.com\" target=\"_blank\" rel=\"noreferrer noopener\">gcbafederal@gmail.com<\/a>, con fecha l\u00edmite 31 de mayo 2021: fotograf\u00eda seleccionada (tama\u00f1o +3000px), ubicaci\u00f3n donde fue tomada la fotograf\u00eda, nombre completo del fot\u00f3grafo.<\/p>\n\n\n\n<p>La fotograf\u00eda deber\u00e1 haber sido tomada en un lugar en la jurisdicci\u00f3n de la ciudad participante a la que representa.<\/p>\n\n\n\n<p>El municipio ser\u00e1 responsable de la selecci\u00f3n de la fotograf\u00eda y no podr\u00e1 participar solamente con una fotograf\u00eda. No podr\u00e1 formar parte de la competencia aquellas fotografias que sean exclusivamente de paisajes. &nbsp;<\/p>\n\n\n\n<p>Las fotograf\u00edas competir\u00e1n a trav\u00e9s de llaves eliminatorias dentro de cada regi\u00f3n del pa\u00eds, y el p\u00fablico en redes sociales elegir\u00e1 los ganadores (1 por Regi\u00f3n) que formar\u00e1n parte de la muestra \u201cRincones de mi Pa\u00eds\u201d que se expondr\u00e1 durante 7 d\u00edas en Casa de Gobierno de la Ciudad de Buenos Aires, y posteriormente, ser\u00e1 expuesta en un centro cultural y\/o museo de la Ciudad de Buenos Aires y formar\u00e1 parte en formato virtual de la Plataforma&nbsp;<a href=\"https:\/\/vivamoscultura.buenosaires.gob.ar\/\" target=\"_blank\" rel=\"noreferrer noopener\">https:\/\/vivamoscultura.buenosaires.gob.ar\/<\/a><\/p>\n\t\t\t\t\t\t\t\t<\/div>\n\t\t\t\t<\/div>\n\t\t\t\t\t<\/div>\n\t\t<\/div>\n\t\t\t\t\t<\/div>\n\t\t<\/section>\n\t\t\t\t<\/div>\n\t\t<div class=\"fb-background-color\">\n\t\t\t  <div \n\t\t\t  \tclass = \"fb-comments\" \n\t\t\t  \tdata-href = \"https:\/\/www.elpolitologoyelpolitico.com.ar\/wordpress\/2021\/05\/07\/concurso-rincones-de-mi-pais\/\"\n\t\t\t  \tdata-numposts = \"10\"\n\t\t\t  \tdata-lazy = \"true\"\n\t\t\t\tdata-colorscheme = \"light\"\n\t\t\t\tdata-order-by = \"social\"\n\t\t\t\tdata-mobile=true>\n\t\t\t  <\/div><\/div>\n\t\t  <style>\n\t\t    .fb-background-color {\n\t\t\t\tbackground: #ffffff !important;\n\t\t\t}\n\t\t\t.fb_iframe_widget_fluid_desktop iframe {\n\t\t\t    width: 100% !important;\n\t\t\t}\n\t\t  <\/style>\n\t\t  ","protected":false},"excerpt":{"rendered":"<p>El \u00e1rea de la Juventud, dependiente de la Secretar\u00eda de Desarrollo Social invita a la comunidad a participar del concurso fotogr\u00e1fico \u201cRincones de mi pa\u00eds\u201d, organizado por el Gobierno de la Ciudad de Buenos Aires. Se trata de&nbsp;una competencia participativa por redes sociales, que pretende visibilizar a trav\u00e9s de la fotograf\u00eda, lugares, culturas y tradiciones [&hellip;]<\/p>\n","protected":false},"author":4,"featured_media":2643,"comment_status":"closed","ping_status":"closed","sticky":false,"template":"","format":"standard","meta":{"_joinchat":[],"footnotes":""},"categories":[39],"tags":[],"class_list":["post-2642","post","type-post","status-publish","format-standard","has-post-thumbnail","hentry","category-en-esta-seccion"],"_links":{"self":[{"href":"https:\/\/www.elpolitologoyelpolitico.com.ar\/wordpress\/wp-json\/wp\/v2\/posts\/2642","targetHints":{"allow":["GET"]}}],"collection":[{"href":"https:\/\/www.elpolitologoyelpolitico.com.ar\/wordpress\/wp-json\/wp\/v2\/posts"}],"about":[{"href":"https:\/\/www.elpolitologoyelpolitico.com.ar\/wordpress\/wp-json\/wp\/v2\/types\/post"}],"author":[{"embeddable":true,"href":"https:\/\/www.elpolitologoyelpolitico.com.ar\/wordpress\/wp-json\/wp\/v2\/users\/4"}],"replies":[{"embeddable":true,"href":"https:\/\/www.elpolitologoyelpolitico.com.ar\/wordpress\/wp-json\/wp\/v2\/comments?post=2642"}],"version-history":[{"count":0,"href":"https:\/\/www.elpolitologoyelpolitico.com.ar\/wordpress\/wp-json\/wp\/v2\/posts\/2642\/revisions"}],"wp:featuredmedia":[{"embeddable":true,"href":"https:\/\/www.elpolitologoyelpolitico.com.ar\/wordpress\/wp-json\/wp\/v2\/media\/2643"}],"wp:attachment":[{"href":"https:\/\/www.elpolitologoyelpolitico.com.ar\/wordpress\/wp-json\/wp\/v2\/media?parent=2642"}],"wp:term":[{"taxonomy":"category","embeddable":true,"href":"https:\/\/www.elpolitologoyelpolitico.com.ar\/wordpress\/wp-json\/wp\/v2\/categories?post=2642"},{"taxonomy":"post_tag","embeddable":true,"href":"https:\/\/www.elpolitologoyelpolitico.com.ar\/wordpress\/wp-json\/wp\/v2\/tags?post=2642"}],"curies":[{"name":"wp","href":"https:\/\/api.w.org\/{rel}","templated":true}]}}