{"id":2636,"date":"2021-05-06T16:38:43","date_gmt":"2021-05-06T16:38:43","guid":{"rendered":"https:\/\/www.elpolitologoyelpolitico.com.ar\/wordpress\/?p=2636"},"modified":"2021-05-06T16:39:14","modified_gmt":"2021-05-06T16:39:14","slug":"es-importante-el-movimiento-que-se-esta-haciendo-desde-las-cooperativas","status":"publish","type":"post","link":"https:\/\/www.elpolitologoyelpolitico.com.ar\/wordpress\/2021\/05\/06\/es-importante-el-movimiento-que-se-esta-haciendo-desde-las-cooperativas\/","title":{"rendered":"\u201cEs importante el movimiento que se est\u00e1 haciendo desde las cooperativas\u201d"},"content":{"rendered":"\t\t<div data-elementor-type=\"wp-post\" data-elementor-id=\"2636\" class=\"elementor elementor-2636\">\n\t\t\t\t\t\t<section class=\"elementor-section elementor-top-section elementor-element elementor-element-23e1aec7 elementor-section-boxed elementor-section-height-default elementor-section-height-default\" data-id=\"23e1aec7\" data-element_type=\"section\" data-e-type=\"section\">\n\t\t\t\t\t\t<div class=\"elementor-container elementor-column-gap-default\">\n\t\t\t\t\t<div class=\"elementor-column elementor-col-100 elementor-top-column elementor-element elementor-element-43737f9a\" data-id=\"43737f9a\" data-element_type=\"column\" data-e-type=\"column\">\n\t\t\t<div class=\"elementor-widget-wrap elementor-element-populated\">\n\t\t\t\t\t\t<div class=\"elementor-element elementor-element-7d1b3f4b elementor-widget elementor-widget-text-editor\" data-id=\"7d1b3f4b\" data-element_type=\"widget\" data-e-type=\"widget\" data-widget_type=\"text-editor.default\">\n\t\t\t\t<div class=\"elementor-widget-container\">\n\t\t\t\t\t\t\t\t\t\n<p>Patricia Rodr\u00edguez S\u00e1bato, es la Subsecretar\u00eda de cooperativas&nbsp; y mutuales del Gobierno de Rio Negro. Actualmente, la Provincia cuenta con un padr\u00f3n de 280 cooperativas vigentes.<\/p>\n\n\n\n<p>El mundo del cooperativismo no es solamente una cooperativa de trabajo, sino que en R\u00edo Negro tenes la posibilidad de ver cooperativas escolares, jardines maternales, producci\u00f3n, ganader\u00eda, alba\u00f1iles, entre otras. &nbsp;<\/p>\n\n\n\n<p>Con la apertura de la escolaridad, las cooperativas de escuelas y jardines de infantes han retomado sus actividades. <strong>\u201cEs importante el movimiento que se est\u00e1 haciendo desde las cooperativas, que no dejan de tener relaci\u00f3n con la situaci\u00f3n econ\u00f3mica que se est\u00e1 viviendo en el pa\u00eds. Hoy es muy com\u00fan que estos fen\u00f3menos ocurran por una cuesti\u00f3n de necesidad de trabajo, como ha ocurrido en otros a\u00f1os,\u201d<\/strong> sostuvo S\u00e1bato.<\/p>\n\n\n\n<p>La pandemia impacto de maneras negativa en algunas cooperativas, porque algunos integrantes tuvieron que aislarse y como son cooperativas, cada uno trabaja a la par y en conjunto para el bienestar de la organizaci\u00f3n.<\/p>\n\n\n\n<p>La Lic Rodr\u00edguez S\u00e1bato mencion\u00f3 <strong>\u201cEn Bariloche hay 60 cooperativas que durante el a\u00f1o pasado sufrieron por la pandemia y se llev\u00f3 adelante una campa\u00f1a para ayudar a regularizar la administraci\u00f3n de cada cooperativa\u201d.<\/strong><\/p>\n\n\n\n<p>Cuando asume la gobernadora de la Provincia de R\u00edo Negro Arabela Carreras, toma la decisi\u00f3n de que la Direcci\u00f3n de cooperativas que depend\u00eda del Ministerio de Gobierno sea subsecretar\u00eda y dependa del Ministerio de Desarrollo Humano.<\/p>\n\n\n\n<p>En los \u00faltimos a\u00f1os aumentaron la aplicaci\u00f3n de pol\u00edticas ambientalistas por parte del Estado, y la Directora manifest\u00f3 <strong>\u201cmuchas cooperativas tienen la visi\u00f3n de ocuparse en temas del medio ambiente, entre ellas en la Ciudad de Viedma con el GIRSU a cargo del secretario Gast\u00f3n Guti\u00e9rrez y las pol\u00edticas ambientalistas llevadas adelante por la Gesti\u00f3n del intendente Pedro Pesatti.<\/strong> En estos momentos, desde la Subsecretaria de cooperativas y mutuales de la Provincia de R\u00edo Negro, se viene trabajando fuertemente con distintos organismo del Estado a partir de ciertos convenios; la Subsecretar\u00eda expreso <strong>\u201cHace unos d\u00edas se firm\u00f3 un convenio con la Secretaria de Trabajo que busca trabajar conjuntamente con las inspectores que lleva adelante la secretaria de trabajo en las distintas cooperativas\u201d<\/strong> y agreg\u00f3<strong> \u201cTambi\u00e9n se firmar\u00e1 un convenio con inspecci\u00f3n general de justicia que involucra la prestaci\u00f3n de oficinas y de esta manera facilitar el trabajo administrativo a las cooperativas y la posibilidad de inspeccionar al Estado.<\/strong><\/p>\n\t\t\t\t\t\t\t\t<\/div>\n\t\t\t\t<\/div>\n\t\t\t\t\t<\/div>\n\t\t<\/div>\n\t\t\t\t\t<\/div>\n\t\t<\/section>\n\t\t\t\t<\/div>\n\t\t<div class=\"fb-background-color\">\n\t\t\t  <div \n\t\t\t  \tclass = \"fb-comments\" \n\t\t\t  \tdata-href = \"https:\/\/www.elpolitologoyelpolitico.com.ar\/wordpress\/2021\/05\/06\/es-importante-el-movimiento-que-se-esta-haciendo-desde-las-cooperativas\/\"\n\t\t\t  \tdata-numposts = \"10\"\n\t\t\t  \tdata-lazy = \"true\"\n\t\t\t\tdata-colorscheme = \"light\"\n\t\t\t\tdata-order-by = \"social\"\n\t\t\t\tdata-mobile=true>\n\t\t\t  <\/div><\/div>\n\t\t  <style>\n\t\t    .fb-background-color {\n\t\t\t\tbackground: #ffffff !important;\n\t\t\t}\n\t\t\t.fb_iframe_widget_fluid_desktop iframe {\n\t\t\t    width: 100% !important;\n\t\t\t}\n\t\t  <\/style>\n\t\t  ","protected":false},"excerpt":{"rendered":"<p>Patricia Rodr\u00edguez S\u00e1bato, es la Subsecretar\u00eda de cooperativas&nbsp; y mutuales del Gobierno de Rio Negro. Actualmente, la Provincia cuenta con un padr\u00f3n de 280 cooperativas vigentes. El mundo del cooperativismo no es solamente una cooperativa de trabajo, sino que en R\u00edo Negro tenes la posibilidad de ver cooperativas escolares, jardines maternales, producci\u00f3n, ganader\u00eda, alba\u00f1iles, entre [&hellip;]<\/p>\n","protected":false},"author":4,"featured_media":2637,"comment_status":"closed","ping_status":"closed","sticky":false,"template":"","format":"standard","meta":{"_joinchat":[],"footnotes":""},"categories":[4],"tags":[],"class_list":["post-2636","post","type-post","status-publish","format-standard","has-post-thumbnail","hentry","category-politicas-publicas"],"_links":{"self":[{"href":"https:\/\/www.elpolitologoyelpolitico.com.ar\/wordpress\/wp-json\/wp\/v2\/posts\/2636","targetHints":{"allow":["GET"]}}],"collection":[{"href":"https:\/\/www.elpolitologoyelpolitico.com.ar\/wordpress\/wp-json\/wp\/v2\/posts"}],"about":[{"href":"https:\/\/www.elpolitologoyelpolitico.com.ar\/wordpress\/wp-json\/wp\/v2\/types\/post"}],"author":[{"embeddable":true,"href":"https:\/\/www.elpolitologoyelpolitico.com.ar\/wordpress\/wp-json\/wp\/v2\/users\/4"}],"replies":[{"embeddable":true,"href":"https:\/\/www.elpolitologoyelpolitico.com.ar\/wordpress\/wp-json\/wp\/v2\/comments?post=2636"}],"version-history":[{"count":0,"href":"https:\/\/www.elpolitologoyelpolitico.com.ar\/wordpress\/wp-json\/wp\/v2\/posts\/2636\/revisions"}],"wp:featuredmedia":[{"embeddable":true,"href":"https:\/\/www.elpolitologoyelpolitico.com.ar\/wordpress\/wp-json\/wp\/v2\/media\/2637"}],"wp:attachment":[{"href":"https:\/\/www.elpolitologoyelpolitico.com.ar\/wordpress\/wp-json\/wp\/v2\/media?parent=2636"}],"wp:term":[{"taxonomy":"category","embeddable":true,"href":"https:\/\/www.elpolitologoyelpolitico.com.ar\/wordpress\/wp-json\/wp\/v2\/categories?post=2636"},{"taxonomy":"post_tag","embeddable":true,"href":"https:\/\/www.elpolitologoyelpolitico.com.ar\/wordpress\/wp-json\/wp\/v2\/tags?post=2636"}],"curies":[{"name":"wp","href":"https:\/\/api.w.org\/{rel}","templated":true}]}}