{"id":2630,"date":"2021-05-06T16:35:35","date_gmt":"2021-05-06T16:35:35","guid":{"rendered":"https:\/\/www.elpolitologoyelpolitico.com.ar\/wordpress\/?p=2630"},"modified":"2021-05-06T16:36:12","modified_gmt":"2021-05-06T16:36:12","slug":"salud-continuara-colocando-las-dosis-de-la-vacuna-antigripal","status":"publish","type":"post","link":"https:\/\/www.elpolitologoyelpolitico.com.ar\/wordpress\/2021\/05\/06\/salud-continuara-colocando-las-dosis-de-la-vacuna-antigripal\/","title":{"rendered":"Salud continuar\u00e1 colocando las dosis de la vacuna antigripal"},"content":{"rendered":"\t\t<div data-elementor-type=\"wp-post\" data-elementor-id=\"2630\" class=\"elementor elementor-2630\">\n\t\t\t\t\t\t<section class=\"elementor-section elementor-top-section elementor-element elementor-element-42e5e134 elementor-section-boxed elementor-section-height-default elementor-section-height-default\" data-id=\"42e5e134\" data-element_type=\"section\" data-e-type=\"section\">\n\t\t\t\t\t\t<div class=\"elementor-container elementor-column-gap-default\">\n\t\t\t\t\t<div class=\"elementor-column elementor-col-100 elementor-top-column elementor-element elementor-element-5c8bf6c5\" data-id=\"5c8bf6c5\" data-element_type=\"column\" data-e-type=\"column\">\n\t\t\t<div class=\"elementor-widget-wrap elementor-element-populated\">\n\t\t\t\t\t\t<div class=\"elementor-element elementor-element-2f62c018 elementor-widget elementor-widget-text-editor\" data-id=\"2f62c018\" data-element_type=\"widget\" data-e-type=\"widget\" data-widget_type=\"text-editor.default\">\n\t\t\t\t<div class=\"elementor-widget-container\">\n\t\t\t\t\t\t\t\t\t\n<p>La Secretar\u00eda de Salud informa&nbsp; a la comunidad que, &nbsp;ma\u00f1ana viernes 7, se continuar\u00e1 con el cronograma de vacunaci\u00f3n antigripal en el Centro de Jubilados, situado en calle Garibaldi N\u00ba 573, en el horario de 16 a 19.<\/p>\n\n\n\n<p>La Coordinadora de Programas Sanitarios, Lic. Mabel Guzm\u00e1n,&nbsp;manifest\u00f3 que, \u201cse realizar\u00e1 una nueva jornada de vacunaci\u00f3n, la cual estar\u00e1 destinada a mayores de 65 a\u00f1os. Adem\u00e1s, en esta oportunidad se aplicar\u00e1n dosis para las personas menores de 65 con factores de riesgo\u201d.<\/p>\n\n\n\n<p>Adem\u00e1s, la titular del \u00e1rea, record\u00f3 que, se dispondr\u00e1 de un dispositivo armado que tendr\u00e1 un sector de admisi\u00f3n, luego se derivar\u00e1 a un sector de espera, donde se entregar\u00e1 folleter\u00eda y se realizar\u00e1 el control de temperatura de cada persona. Adem\u00e1s, habr\u00e1 tres postas de vacunaci\u00f3n, y se delimitar\u00e1 un sector de ingreso y egreso\u201d. Por otra parte, es importante recordar que los inscriptos que a\u00fan no recibieron la vacuna contra el COVID es recomendable aguardar a coloc\u00e1rsela y luego esperar 14 d\u00edas para la dosis antigripal.<\/p>\n\t\t\t\t\t\t\t\t<\/div>\n\t\t\t\t<\/div>\n\t\t\t\t\t<\/div>\n\t\t<\/div>\n\t\t\t\t\t<\/div>\n\t\t<\/section>\n\t\t\t\t<\/div>\n\t\t<div class=\"fb-background-color\">\n\t\t\t  <div \n\t\t\t  \tclass = \"fb-comments\" \n\t\t\t  \tdata-href = \"https:\/\/www.elpolitologoyelpolitico.com.ar\/wordpress\/2021\/05\/06\/salud-continuara-colocando-las-dosis-de-la-vacuna-antigripal\/\"\n\t\t\t  \tdata-numposts = \"10\"\n\t\t\t  \tdata-lazy = \"true\"\n\t\t\t\tdata-colorscheme = \"light\"\n\t\t\t\tdata-order-by = \"social\"\n\t\t\t\tdata-mobile=true>\n\t\t\t  <\/div><\/div>\n\t\t  <style>\n\t\t    .fb-background-color {\n\t\t\t\tbackground: #ffffff !important;\n\t\t\t}\n\t\t\t.fb_iframe_widget_fluid_desktop iframe {\n\t\t\t    width: 100% !important;\n\t\t\t}\n\t\t  <\/style>\n\t\t  ","protected":false},"excerpt":{"rendered":"<p>La Secretar\u00eda de Salud informa&nbsp; a la comunidad que, &nbsp;ma\u00f1ana viernes 7, se continuar\u00e1 con el cronograma de vacunaci\u00f3n antigripal en el Centro de Jubilados, situado en calle Garibaldi N\u00ba 573, en el horario de 16 a 19. La Coordinadora de Programas Sanitarios, Lic. Mabel Guzm\u00e1n,&nbsp;manifest\u00f3 que, \u201cse realizar\u00e1 una nueva jornada de vacunaci\u00f3n, la [&hellip;]<\/p>\n","protected":false},"author":4,"featured_media":2631,"comment_status":"closed","ping_status":"closed","sticky":false,"template":"","format":"standard","meta":{"_joinchat":[],"footnotes":""},"categories":[4],"tags":[],"class_list":["post-2630","post","type-post","status-publish","format-standard","has-post-thumbnail","hentry","category-politicas-publicas"],"_links":{"self":[{"href":"https:\/\/www.elpolitologoyelpolitico.com.ar\/wordpress\/wp-json\/wp\/v2\/posts\/2630","targetHints":{"allow":["GET"]}}],"collection":[{"href":"https:\/\/www.elpolitologoyelpolitico.com.ar\/wordpress\/wp-json\/wp\/v2\/posts"}],"about":[{"href":"https:\/\/www.elpolitologoyelpolitico.com.ar\/wordpress\/wp-json\/wp\/v2\/types\/post"}],"author":[{"embeddable":true,"href":"https:\/\/www.elpolitologoyelpolitico.com.ar\/wordpress\/wp-json\/wp\/v2\/users\/4"}],"replies":[{"embeddable":true,"href":"https:\/\/www.elpolitologoyelpolitico.com.ar\/wordpress\/wp-json\/wp\/v2\/comments?post=2630"}],"version-history":[{"count":0,"href":"https:\/\/www.elpolitologoyelpolitico.com.ar\/wordpress\/wp-json\/wp\/v2\/posts\/2630\/revisions"}],"wp:featuredmedia":[{"embeddable":true,"href":"https:\/\/www.elpolitologoyelpolitico.com.ar\/wordpress\/wp-json\/wp\/v2\/media\/2631"}],"wp:attachment":[{"href":"https:\/\/www.elpolitologoyelpolitico.com.ar\/wordpress\/wp-json\/wp\/v2\/media?parent=2630"}],"wp:term":[{"taxonomy":"category","embeddable":true,"href":"https:\/\/www.elpolitologoyelpolitico.com.ar\/wordpress\/wp-json\/wp\/v2\/categories?post=2630"},{"taxonomy":"post_tag","embeddable":true,"href":"https:\/\/www.elpolitologoyelpolitico.com.ar\/wordpress\/wp-json\/wp\/v2\/tags?post=2630"}],"curies":[{"name":"wp","href":"https:\/\/api.w.org\/{rel}","templated":true}]}}