{"id":2597,"date":"2021-05-06T02:41:11","date_gmt":"2021-05-06T02:41:11","guid":{"rendered":"https:\/\/www.elpolitologoyelpolitico.com.ar\/wordpress\/?p=2597"},"modified":"2021-05-06T02:41:57","modified_gmt":"2021-05-06T02:41:57","slug":"pensamos-el-2023-como-la-posibilidad-de-ser-una-alternativa-para-la-provincia","status":"publish","type":"post","link":"https:\/\/www.elpolitologoyelpolitico.com.ar\/wordpress\/2021\/05\/06\/pensamos-el-2023-como-la-posibilidad-de-ser-una-alternativa-para-la-provincia\/","title":{"rendered":"\u201cPensamos el 2023 como la posibilidad de ser una alternativa para la Provincia\u201d"},"content":{"rendered":"\t\t<div data-elementor-type=\"wp-post\" data-elementor-id=\"2597\" class=\"elementor elementor-2597\">\n\t\t\t\t\t\t<section class=\"elementor-section elementor-top-section elementor-element elementor-element-14b94f2a elementor-section-boxed elementor-section-height-default elementor-section-height-default\" data-id=\"14b94f2a\" data-element_type=\"section\" data-e-type=\"section\">\n\t\t\t\t\t\t<div class=\"elementor-container elementor-column-gap-default\">\n\t\t\t\t\t<div class=\"elementor-column elementor-col-100 elementor-top-column elementor-element elementor-element-79cf7a54\" data-id=\"79cf7a54\" data-element_type=\"column\" data-e-type=\"column\">\n\t\t\t<div class=\"elementor-widget-wrap elementor-element-populated\">\n\t\t\t\t\t\t<div class=\"elementor-element elementor-element-247ea463 elementor-widget elementor-widget-text-editor\" data-id=\"247ea463\" data-element_type=\"widget\" data-e-type=\"widget\" data-widget_type=\"text-editor.default\">\n\t\t\t\t<div class=\"elementor-widget-container\">\n\t\t\t\t\t\t\t\t\t\n<p>Valores para mi Pa\u00eds es un Partido Pol\u00edtico que tiene como referente Nacional a Cynthia Hotton, ex candidata a Vice- presidente en las elecciones 2019.<\/p>\n\n\n\n<p>En la Provincia de R\u00edo Negro empezaron a trabajar en este espacio pol\u00edtico hace dos a\u00f1os, cuando Ra\u00fal Garc\u00eda comenz\u00f3 a reunir a varias personas que se identificaban con este Partido.<\/p>\n\n\n\n<p>El referente rionegrino expreso <strong>\u201cDesde este espacio empezamos hace dos a\u00f1os recorriendo la Provincia para armarnos, la pandemia nos ha frenado un poco, pero hoy tenemos gente que se va sumando y estamos muy cerca de concretarnos como partido\u201d <\/strong>y agreg\u00f3<strong> \u201cPensamos el 2023 como la posibilidad de ser una alternativa para la Provincia\u201d<\/strong><\/p>\n\n\n\n<p>El Partido tiene como mayor objetivo reflotar los valores perdidos en la sociedad, as\u00ed lo manifest\u00f3 Garc\u00eda<strong> \u201cQueremos decirle a la gente que hay una manera diferente de hacer Pol\u00edtica, reflotando los valores\u201d.<\/strong><\/p>\n\n\n\n<p>Adem\u00e1s a\u00f1adi\u00f3 <strong>\u201cQueremos llevar al congreso gente que nos represente, aunque en la Provincia no podemos presentar candidatos, vamos a estar en conversaci\u00f3n para ver qui\u00e9n nos puede representar y acompa\u00f1ar o sino esperaremos ser una alternativa en el 2023\u201d<\/strong> Para finalizar sostuvo <strong>\u201cVamos a recorrer la Provincia para tener mas afiliados \u00a0y\u00a0 pensamos tener varias sedes en distintos territorios de la Provincia\u201d.<\/strong><\/p>\n\n\n\n<figure class=\"wp-block-image size-large is-style-default\"><img fetchpriority=\"high\" decoding=\"async\" width=\"720\" height=\"900\" src=\"http:\/\/www.elpolitologoyelpolitico.com.ar:8081\/wordpress\/wp-content\/uploads\/2021\/05\/WhatsApp-Image-2021-05-05-at-9.09.35-PM.jpeg\" alt=\"\" class=\"wp-image-2599\" srcset=\"https:\/\/www.elpolitologoyelpolitico.com.ar\/wp-content\/uploads\/2021\/05\/WhatsApp-Image-2021-05-05-at-9.09.35-PM.jpeg 720w, https:\/\/www.elpolitologoyelpolitico.com.ar\/wp-content\/uploads\/2021\/05\/WhatsApp-Image-2021-05-05-at-9.09.35-PM-240x300.jpeg 240w\" sizes=\"(max-width: 720px) 100vw, 720px\" \/><\/figure>\n\t\t\t\t\t\t\t\t<\/div>\n\t\t\t\t<\/div>\n\t\t\t\t\t<\/div>\n\t\t<\/div>\n\t\t\t\t\t<\/div>\n\t\t<\/section>\n\t\t\t\t<\/div>\n\t\t<div class=\"fb-background-color\">\n\t\t\t  <div \n\t\t\t  \tclass = \"fb-comments\" \n\t\t\t  \tdata-href = \"https:\/\/www.elpolitologoyelpolitico.com.ar\/wordpress\/2021\/05\/06\/pensamos-el-2023-como-la-posibilidad-de-ser-una-alternativa-para-la-provincia\/\"\n\t\t\t  \tdata-numposts = \"10\"\n\t\t\t  \tdata-lazy = \"true\"\n\t\t\t\tdata-colorscheme = \"light\"\n\t\t\t\tdata-order-by = \"social\"\n\t\t\t\tdata-mobile=true>\n\t\t\t  <\/div><\/div>\n\t\t  <style>\n\t\t    .fb-background-color {\n\t\t\t\tbackground: #ffffff !important;\n\t\t\t}\n\t\t\t.fb_iframe_widget_fluid_desktop iframe {\n\t\t\t    width: 100% !important;\n\t\t\t}\n\t\t  <\/style>\n\t\t  ","protected":false},"excerpt":{"rendered":"<p>Valores para mi Pa\u00eds es un Partido Pol\u00edtico que tiene como referente Nacional a Cynthia Hotton, ex candidata a Vice- presidente en las elecciones 2019. En la Provincia de R\u00edo Negro empezaron a trabajar en este espacio pol\u00edtico hace dos a\u00f1os, cuando Ra\u00fal Garc\u00eda comenz\u00f3 a reunir a varias personas que se identificaban con este [&hellip;]<\/p>\n","protected":false},"author":4,"featured_media":2598,"comment_status":"closed","ping_status":"closed","sticky":false,"template":"","format":"standard","meta":{"_joinchat":[],"footnotes":""},"categories":[21],"tags":[],"class_list":["post-2597","post","type-post","status-publish","format-standard","has-post-thumbnail","hentry","category-actores-politicos"],"_links":{"self":[{"href":"https:\/\/www.elpolitologoyelpolitico.com.ar\/wordpress\/wp-json\/wp\/v2\/posts\/2597","targetHints":{"allow":["GET"]}}],"collection":[{"href":"https:\/\/www.elpolitologoyelpolitico.com.ar\/wordpress\/wp-json\/wp\/v2\/posts"}],"about":[{"href":"https:\/\/www.elpolitologoyelpolitico.com.ar\/wordpress\/wp-json\/wp\/v2\/types\/post"}],"author":[{"embeddable":true,"href":"https:\/\/www.elpolitologoyelpolitico.com.ar\/wordpress\/wp-json\/wp\/v2\/users\/4"}],"replies":[{"embeddable":true,"href":"https:\/\/www.elpolitologoyelpolitico.com.ar\/wordpress\/wp-json\/wp\/v2\/comments?post=2597"}],"version-history":[{"count":0,"href":"https:\/\/www.elpolitologoyelpolitico.com.ar\/wordpress\/wp-json\/wp\/v2\/posts\/2597\/revisions"}],"wp:featuredmedia":[{"embeddable":true,"href":"https:\/\/www.elpolitologoyelpolitico.com.ar\/wordpress\/wp-json\/wp\/v2\/media\/2598"}],"wp:attachment":[{"href":"https:\/\/www.elpolitologoyelpolitico.com.ar\/wordpress\/wp-json\/wp\/v2\/media?parent=2597"}],"wp:term":[{"taxonomy":"category","embeddable":true,"href":"https:\/\/www.elpolitologoyelpolitico.com.ar\/wordpress\/wp-json\/wp\/v2\/categories?post=2597"},{"taxonomy":"post_tag","embeddable":true,"href":"https:\/\/www.elpolitologoyelpolitico.com.ar\/wordpress\/wp-json\/wp\/v2\/tags?post=2597"}],"curies":[{"name":"wp","href":"https:\/\/api.w.org\/{rel}","templated":true}]}}