{"id":25924,"date":"2022-10-29T23:22:07","date_gmt":"2022-10-29T23:22:07","guid":{"rendered":"https:\/\/www.elpolitologoyelpolitico.com.ar\/wordpress\/?p=25924"},"modified":"2022-10-29T23:23:42","modified_gmt":"2022-10-29T23:23:42","slug":"untos-convoco-a-un-amplio-acuerdo-de-todos-los-sectores-para-consolidar-la-identidad-rionegrina","status":"publish","type":"post","link":"https:\/\/www.elpolitologoyelpolitico.com.ar\/wordpress\/2022\/10\/29\/untos-convoco-a-un-amplio-acuerdo-de-todos-los-sectores-para-consolidar-la-identidad-rionegrina\/","title":{"rendered":"JUNTOS CONVOC\u00d3 A UN AMPLIO ACUERDO DE TODOS LOS SECTORES PARA CONSOLIDAR LA IDENTIDAD RIONEGRINA"},"content":{"rendered":"\n<p>Juntos Somos R\u00edo Negro celebr\u00f3 este s\u00e1bado su asamblea partidaria con una masiva convocatoria en la Regi\u00f3n Sur. Se habl\u00f3 de una mayor amplitud y se hizo un llamado a un mayor di\u00e1logo y consenso para defender el \u201crionegrismo\u201d.<br>Adem\u00e1s, se confirm\u00f3 que el Poder Ejecutivo llamar\u00e1 a elecciones provinciales para el 16 de abril de 2023, en forma simult\u00e1nea con las municipales y las comisiones de fomento.<\/p>\n\n\n\n<p>En Los Menucos, m\u00e1s de un centenar de autoridades y dirigentes de JSRN asistieron a la asamblea del partido encabezados por la gobernadora Arabela Carreras y el senador nacional Alberto Weretilneck. Estuvieron presentes diputados nacionales, legisladores provinciales, intendentes, miembros del gabinete provincial, comisionados de fomento y concejales.<\/p>\n\n\n\n<p>Hubo un debate amplio y enriquecedor de cara al proceso electoral 2023, y se hizo un llamado a todas las fuerzas, a todos los sectores de la sociedad rionegrina, para sumar m\u00e1s voces gremiales, empresariales, de la producci\u00f3n, independientes y apartidarios, para lograr el \u201cgran acuerdo provincial\u201d que la sociedad demanda.<\/p>\n\n\n\n<p>Se analiz\u00f3 el contexto nacional y provincial, con vistas a los comicios del a\u00f1o pr\u00f3ximo. La dirigencia ratific\u00f3 su compromiso con los rionegrinos y rionegrinas, \u201clejos de la interminable y agotadora grieta que sostienen desde Buenos Aires los partidos nacionales\u201d.<\/p>\n\n\n\n<p>Hubo un completo repaso de las gestiones de los representantes en el Congreso de la Naci\u00f3n y del Gobierno de la Provincia. Los presentes coincidieron en la necesidad de generar m\u00e1s y nuevos consensos, con di\u00e1logo, tolerancia y respeto, los valores fundacionales de JSRN.<\/p>\n\n\n\n<p>\u201cTenemos que pensar en un Juntos Somos R\u00edo Negro mucho m\u00e1s amplio de lo que es hoy, debemos animarnos. Creo que estamos ante una oportunidad hist\u00f3rica de dar un paso m\u00e1s y generar el gran consenso y el gran acuerdo provincial que nos ponga definitivamente en una nueva etapa de la construcci\u00f3n de la identidad rionegrina\u201d, sostuvo Weretilneck.<\/p>\n\n\n\n<p>\u201cTenemos un proyecto y damos respuestas, pero la tarea no est\u00e1 concluida. Debemos seguir convocando a m\u00e1s rionegrinos y rionegrinas, porque R\u00edo Negro necesita m\u00e1s acuerdo y m\u00e1s consenso\u201d, agreg\u00f3.<\/p>\n\n\n\n<p>Por su parte, la gobernadora Arabela Carreras ratific\u00f3 el llamado a elecciones provinciales, municipales y comisiones de fomento, para el 16 de abril del a\u00f1o que viene. \u201cEstuvimos siempre juntos y unidos, dando respuesta a los rionegrinos\u201d, dijo la mandataria.<\/p>\n\n\n\n<p><\/p>\n\n\n\n<figure class=\"wp-block-image size-full\"><img fetchpriority=\"high\" decoding=\"async\" width=\"720\" height=\"521\" src=\"https:\/\/www.elpolitologoyelpolitico.com.ar\/wp-content\/uploads\/2022\/10\/WhatsApp-Image-2022-10-29-at-7.54.03-PM1.jpeg\" alt=\"\" class=\"wp-image-25926\" srcset=\"https:\/\/www.elpolitologoyelpolitico.com.ar\/wp-content\/uploads\/2022\/10\/WhatsApp-Image-2022-10-29-at-7.54.03-PM1.jpeg 720w, https:\/\/www.elpolitologoyelpolitico.com.ar\/wp-content\/uploads\/2022\/10\/WhatsApp-Image-2022-10-29-at-7.54.03-PM1-300x217.jpeg 300w\" sizes=\"(max-width: 720px) 100vw, 720px\" \/><\/figure>\n\n\n\n<p><\/p>\n\n\n\n<p><\/p>\n\n\n\n<figure class=\"wp-block-image size-full\"><img decoding=\"async\" width=\"720\" height=\"480\" src=\"https:\/\/www.elpolitologoyelpolitico.com.ar\/wp-content\/uploads\/2022\/10\/WhatsApp-Image-2022-10-29-at-7.54.03-PM.jpeg\" alt=\"\" class=\"wp-image-25927\" srcset=\"https:\/\/www.elpolitologoyelpolitico.com.ar\/wp-content\/uploads\/2022\/10\/WhatsApp-Image-2022-10-29-at-7.54.03-PM.jpeg 720w, https:\/\/www.elpolitologoyelpolitico.com.ar\/wp-content\/uploads\/2022\/10\/WhatsApp-Image-2022-10-29-at-7.54.03-PM-300x200.jpeg 300w\" sizes=\"(max-width: 720px) 100vw, 720px\" \/><\/figure>\n<div class=\"fb-background-color\">\n\t\t\t  <div \n\t\t\t  \tclass = \"fb-comments\" \n\t\t\t  \tdata-href = \"https:\/\/www.elpolitologoyelpolitico.com.ar\/wordpress\/2022\/10\/29\/untos-convoco-a-un-amplio-acuerdo-de-todos-los-sectores-para-consolidar-la-identidad-rionegrina\/\"\n\t\t\t  \tdata-numposts = \"10\"\n\t\t\t  \tdata-lazy = \"true\"\n\t\t\t\tdata-colorscheme = \"light\"\n\t\t\t\tdata-order-by = \"social\"\n\t\t\t\tdata-mobile=true>\n\t\t\t  <\/div><\/div>\n\t\t  <style>\n\t\t    .fb-background-color {\n\t\t\t\tbackground: #ffffff !important;\n\t\t\t}\n\t\t\t.fb_iframe_widget_fluid_desktop iframe {\n\t\t\t    width: 100% !important;\n\t\t\t}\n\t\t  <\/style>\n\t\t  ","protected":false},"excerpt":{"rendered":"<p>Juntos Somos R\u00edo Negro celebr\u00f3 este s\u00e1bado su asamblea partidaria con una masiva convocatoria en la Regi\u00f3n Sur. Se habl\u00f3 de una mayor amplitud y se hizo un llamado a un mayor di\u00e1logo y consenso para defender el \u201crionegrismo\u201d.Adem\u00e1s, se confirm\u00f3 que el Poder Ejecutivo llamar\u00e1 a elecciones provinciales para el 16 de abril de [&hellip;]<\/p>\n","protected":false},"author":4,"featured_media":25925,"comment_status":"closed","ping_status":"closed","sticky":false,"template":"","format":"standard","meta":{"_joinchat":[],"footnotes":""},"categories":[5],"tags":[],"class_list":["post-25924","post","type-post","status-publish","format-standard","has-post-thumbnail","hentry","category-partidos-politicos"],"_links":{"self":[{"href":"https:\/\/www.elpolitologoyelpolitico.com.ar\/wordpress\/wp-json\/wp\/v2\/posts\/25924","targetHints":{"allow":["GET"]}}],"collection":[{"href":"https:\/\/www.elpolitologoyelpolitico.com.ar\/wordpress\/wp-json\/wp\/v2\/posts"}],"about":[{"href":"https:\/\/www.elpolitologoyelpolitico.com.ar\/wordpress\/wp-json\/wp\/v2\/types\/post"}],"author":[{"embeddable":true,"href":"https:\/\/www.elpolitologoyelpolitico.com.ar\/wordpress\/wp-json\/wp\/v2\/users\/4"}],"replies":[{"embeddable":true,"href":"https:\/\/www.elpolitologoyelpolitico.com.ar\/wordpress\/wp-json\/wp\/v2\/comments?post=25924"}],"version-history":[{"count":0,"href":"https:\/\/www.elpolitologoyelpolitico.com.ar\/wordpress\/wp-json\/wp\/v2\/posts\/25924\/revisions"}],"wp:featuredmedia":[{"embeddable":true,"href":"https:\/\/www.elpolitologoyelpolitico.com.ar\/wordpress\/wp-json\/wp\/v2\/media\/25925"}],"wp:attachment":[{"href":"https:\/\/www.elpolitologoyelpolitico.com.ar\/wordpress\/wp-json\/wp\/v2\/media?parent=25924"}],"wp:term":[{"taxonomy":"category","embeddable":true,"href":"https:\/\/www.elpolitologoyelpolitico.com.ar\/wordpress\/wp-json\/wp\/v2\/categories?post=25924"},{"taxonomy":"post_tag","embeddable":true,"href":"https:\/\/www.elpolitologoyelpolitico.com.ar\/wordpress\/wp-json\/wp\/v2\/tags?post=25924"}],"curies":[{"name":"wp","href":"https:\/\/api.w.org\/{rel}","templated":true}]}}