{"id":2538,"date":"2021-05-04T20:40:16","date_gmt":"2021-05-04T20:40:16","guid":{"rendered":"https:\/\/www.elpolitologoyelpolitico.com.ar\/wordpress\/?p=2538"},"modified":"2021-05-04T20:40:56","modified_gmt":"2021-05-04T20:40:56","slug":"en-esta-oportunidad-el-deporte-nos-ayuda-a-ser-solidarios","status":"publish","type":"post","link":"https:\/\/www.elpolitologoyelpolitico.com.ar\/wordpress\/2021\/05\/04\/en-esta-oportunidad-el-deporte-nos-ayuda-a-ser-solidarios\/","title":{"rendered":"\u201cEn esta oportunidad el deporte nos ayuda a ser solidarios\u201d"},"content":{"rendered":"\t\t<div data-elementor-type=\"wp-post\" data-elementor-id=\"2538\" class=\"elementor elementor-2538\">\n\t\t\t\t\t\t<section class=\"elementor-section elementor-top-section elementor-element elementor-element-40397be2 elementor-section-boxed elementor-section-height-default elementor-section-height-default\" data-id=\"40397be2\" data-element_type=\"section\" data-e-type=\"section\">\n\t\t\t\t\t\t<div class=\"elementor-container elementor-column-gap-default\">\n\t\t\t\t\t<div class=\"elementor-column elementor-col-100 elementor-top-column elementor-element elementor-element-16ff60b1\" data-id=\"16ff60b1\" data-element_type=\"column\" data-e-type=\"column\">\n\t\t\t<div class=\"elementor-widget-wrap elementor-element-populated\">\n\t\t\t\t\t\t<div class=\"elementor-element elementor-element-247d4978 elementor-widget elementor-widget-text-editor\" data-id=\"247d4978\" data-element_type=\"widget\" data-e-type=\"widget\" data-widget_type=\"text-editor.default\">\n\t\t\t\t<div class=\"elementor-widget-container\">\n\t\t\t\t\t\t\t\t\t\n<p>En el marco por el d\u00eda del trabajador la Fundaci\u00f3n \u201cTe doy una mano\u201d a cargo de Paulo Heisler llevo adelante distintas actividades solidarias.<\/p>\n\n\n\n<p>Las actividades dieron inicio a las 08hs y se llev\u00f3 a cabo un torneo solidario donde se recaudaron alimentos, utilizados posteriormente en la fabricaci\u00f3n de viandas. \u201cEn esta oportunidad el deporte nos ayuda a ser solidarios\u201d sostuvo el presidente<\/p>\n\n\n\n<p>Desde la fundaci\u00f3n asisten a personas en situaci\u00f3n de calle, adultos mayores y personas celiacas, ayudando con sus programas de alimentos.<\/p>\n\n\n\n<p>&nbsp;\u201cEs una situaci\u00f3n muy dif\u00edcil la que estamos atravesando tenemos que prevenir, desde la fundaci\u00f3n controlamos la temperatura a las familias que ingresan, se desinfecta el piso y los materiales que utilizamos para preparar la comida, adem\u00e1s de trabajar siempre con guantes\u201d manifest\u00f3 Heisler.<\/p>\n\n\n\n<p>Por otro lado vienen trabajando en la reparaci\u00f3n y mantenimiento del invernadero, con el fin de prepararlo para el invierno. Tambi\u00e9n, con el ingreso de la nueva temporada estacional, llevan adelante una campa\u00f1a solidaria para recaudar colchones, frazadas y acolchados.<\/p>\n\n\n\n<p>Con el impacto social de la pandemia el presidente de la fundaci\u00f3n a\u00f1adi\u00f3 \u201cTenemos vecinos que se sienten abandonados, tienen mucho miedo, esto&nbsp; avanza d\u00eda a d\u00eda, se est\u00e1n terminando las changas y estas son el sustento de la familia, es toda una cadena que afecta al bolsillo y a la salud de la gente\u201d.<\/p>\n\n\n\n<p>Desde la fundaci\u00f3n est\u00e1n trabajando bajo un programa de reciclado de computadoras con la ayuda de un t\u00e9cnico para poder donarlas a las distintas familias de la ciudad que no cuentan con herramientas tecnol\u00f3gicas para la educaci\u00f3n de sus hijos. Hasta el momento quince familias fueron favorecidas.<\/p>\n\t\t\t\t\t\t\t\t<\/div>\n\t\t\t\t<\/div>\n\t\t\t\t\t<\/div>\n\t\t<\/div>\n\t\t\t\t\t<\/div>\n\t\t<\/section>\n\t\t\t\t<\/div>\n\t\t<div class=\"fb-background-color\">\n\t\t\t  <div \n\t\t\t  \tclass = \"fb-comments\" \n\t\t\t  \tdata-href = \"https:\/\/www.elpolitologoyelpolitico.com.ar\/wordpress\/2021\/05\/04\/en-esta-oportunidad-el-deporte-nos-ayuda-a-ser-solidarios\/\"\n\t\t\t  \tdata-numposts = \"10\"\n\t\t\t  \tdata-lazy = \"true\"\n\t\t\t\tdata-colorscheme = \"light\"\n\t\t\t\tdata-order-by = \"social\"\n\t\t\t\tdata-mobile=true>\n\t\t\t  <\/div><\/div>\n\t\t  <style>\n\t\t    .fb-background-color {\n\t\t\t\tbackground: #ffffff !important;\n\t\t\t}\n\t\t\t.fb_iframe_widget_fluid_desktop iframe {\n\t\t\t    width: 100% !important;\n\t\t\t}\n\t\t  <\/style>\n\t\t  ","protected":false},"excerpt":{"rendered":"<p>En el marco por el d\u00eda del trabajador la Fundaci\u00f3n \u201cTe doy una mano\u201d a cargo de Paulo Heisler llevo adelante distintas actividades solidarias. Las actividades dieron inicio a las 08hs y se llev\u00f3 a cabo un torneo solidario donde se recaudaron alimentos, utilizados posteriormente en la fabricaci\u00f3n de viandas. \u201cEn esta oportunidad el deporte [&hellip;]<\/p>\n","protected":false},"author":4,"featured_media":2539,"comment_status":"closed","ping_status":"closed","sticky":false,"template":"","format":"standard","meta":{"_joinchat":[],"footnotes":""},"categories":[18],"tags":[],"class_list":["post-2538","post","type-post","status-publish","format-standard","has-post-thumbnail","hentry","category-fundaciones-asociaciones"],"_links":{"self":[{"href":"https:\/\/www.elpolitologoyelpolitico.com.ar\/wordpress\/wp-json\/wp\/v2\/posts\/2538","targetHints":{"allow":["GET"]}}],"collection":[{"href":"https:\/\/www.elpolitologoyelpolitico.com.ar\/wordpress\/wp-json\/wp\/v2\/posts"}],"about":[{"href":"https:\/\/www.elpolitologoyelpolitico.com.ar\/wordpress\/wp-json\/wp\/v2\/types\/post"}],"author":[{"embeddable":true,"href":"https:\/\/www.elpolitologoyelpolitico.com.ar\/wordpress\/wp-json\/wp\/v2\/users\/4"}],"replies":[{"embeddable":true,"href":"https:\/\/www.elpolitologoyelpolitico.com.ar\/wordpress\/wp-json\/wp\/v2\/comments?post=2538"}],"version-history":[{"count":0,"href":"https:\/\/www.elpolitologoyelpolitico.com.ar\/wordpress\/wp-json\/wp\/v2\/posts\/2538\/revisions"}],"wp:featuredmedia":[{"embeddable":true,"href":"https:\/\/www.elpolitologoyelpolitico.com.ar\/wordpress\/wp-json\/wp\/v2\/media\/2539"}],"wp:attachment":[{"href":"https:\/\/www.elpolitologoyelpolitico.com.ar\/wordpress\/wp-json\/wp\/v2\/media?parent=2538"}],"wp:term":[{"taxonomy":"category","embeddable":true,"href":"https:\/\/www.elpolitologoyelpolitico.com.ar\/wordpress\/wp-json\/wp\/v2\/categories?post=2538"},{"taxonomy":"post_tag","embeddable":true,"href":"https:\/\/www.elpolitologoyelpolitico.com.ar\/wordpress\/wp-json\/wp\/v2\/tags?post=2538"}],"curies":[{"name":"wp","href":"https:\/\/api.w.org\/{rel}","templated":true}]}}