{"id":25268,"date":"2022-10-07T00:46:58","date_gmt":"2022-10-07T00:46:58","guid":{"rendered":"https:\/\/www.elpolitologoyelpolitico.com.ar\/wordpress\/?p=25268"},"modified":"2022-10-07T00:47:35","modified_gmt":"2022-10-07T00:47:35","slug":"viedma-se-jerarquiza-con-una-inversion-millonaria-en-obra-publica","status":"publish","type":"post","link":"https:\/\/www.elpolitologoyelpolitico.com.ar\/wordpress\/2022\/10\/07\/viedma-se-jerarquiza-con-una-inversion-millonaria-en-obra-publica\/","title":{"rendered":"Viedma se jerarquiza con una inversi\u00f3n millonaria en obra p\u00fablica"},"content":{"rendered":"\n<p>Saneamiento, infraestructura tur\u00edstica y jerarquizaci\u00f3n de edificios y espacios p\u00fablicos, son los grandes rubros donde se despliega un paquete que supera la treintena de obras en Viedma, con una inversi\u00f3n de $2.761.202.618.<\/p>\n\n\n\n<p>En tal sentido, en el marco del Plan Director de Cloacas, la obra de saneamiento de mayor envergadura de la provincia se encuentra pr\u00f3xima a inaugurar. La infraestructura financiada por el Plan Castello est\u00e1 en etapa de pruebas y realizando el llenado de las lagunas.<\/p>\n\n\n\n<p>Por otro lado, como sede de la administraci\u00f3n p\u00fablica provincial, el Gobierno tom\u00f3 la decisi\u00f3n de poner en valor sus edificios. En esta l\u00ednea, contin\u00faan las obras del nuevo edificio del IPROSS, financiado tambi\u00e9n con fondos del Plan Castello; y que una vez finalizado representar\u00e1 un antes y un despu\u00e9s en la mejora del espacio laboral para los trabajadores y en la atenci\u00f3n de los afiliados.<\/p>\n\n\n\n<p>Asimismo, se culminaron obras importantes como la refacci\u00f3n del Edificio Agencia CREAR, la readecuaci\u00f3n del entrepiso de Contadur\u00eda General y la reconstrucci\u00f3n y parquizaci\u00f3n de los Jardines de Econom\u00eda, ahora \u201cPaseo del Bicentenario\u201d.<\/p>\n\n\n\n<p>Actualmente est\u00e1n en marcha las obras de ampliaci\u00f3n y refuncionalizaci\u00f3n del hangar del Aeropuerto Gobernador Castello.<\/p>\n\n\n\n<p>En materia de infraestructura tur\u00edstica se refaccion\u00f3 integralmente el camping en el balneario La Lober\u00eda, en tanto que est\u00e1 pr\u00f3ximo a habilitarse la nueva traza en la Ruta Provincial N\u00ba 1, a la altura de Bah\u00eda Creek, para la transitabilidad del \u201cCamino de la Costa\u201d y apreciar en el recorrido el nuevo punto tur\u00edstico y ambiental en Caleta de los Loros.<\/p>\n\n\n\n<p>Adem\u00e1s, avanzan los proyectos para la construcci\u00f3n de un nuevo centro de informes tur\u00edsticos en la localidad.<\/p>\n\n\n\n<p>En cuanto a lo habitacional, el IPPV ya licit\u00f3 un total de 185 viviendas que actualmente est\u00e1n a la espera del financiamiento del Estado Nacional.<\/p>\n\n\n\n<p>Por \u00faltimo, cabe destacar que se llevan a cabo importantes mejoras en el Parque Industrial en la capital rionegrina con el objetivo de brindar mayor seguridad y ordenamiento a las 50 industrias instaladas en el predio, ampliando su capacidad productiva y disminuyendo el gasto energ\u00e9tico.<\/p>\n\n\n\n<figure class=\"wp-block-gallery has-nested-images columns-default is-cropped wp-block-gallery-1 is-layout-flex wp-block-gallery-is-layout-flex\">\n<figure class=\"wp-block-image size-large\"><img fetchpriority=\"high\" decoding=\"async\" width=\"1024\" height=\"682\" data-id=\"25270\" src=\"https:\/\/www.elpolitologoyelpolitico.com.ar\/wp-content\/uploads\/2022\/10\/IMG-20221006-WA0052-1024x682.jpg\" alt=\"\" class=\"wp-image-25270\" srcset=\"https:\/\/www.elpolitologoyelpolitico.com.ar\/wp-content\/uploads\/2022\/10\/IMG-20221006-WA0052-1024x682.jpg 1024w, https:\/\/www.elpolitologoyelpolitico.com.ar\/wp-content\/uploads\/2022\/10\/IMG-20221006-WA0052-300x200.jpg 300w, https:\/\/www.elpolitologoyelpolitico.com.ar\/wp-content\/uploads\/2022\/10\/IMG-20221006-WA0052-768x512.jpg 768w, https:\/\/www.elpolitologoyelpolitico.com.ar\/wp-content\/uploads\/2022\/10\/IMG-20221006-WA0052.jpg 1280w\" sizes=\"(max-width: 1024px) 100vw, 1024px\" \/><\/figure>\n\n\n\n<figure class=\"wp-block-image size-large\"><img decoding=\"async\" width=\"1024\" height=\"576\" data-id=\"25271\" src=\"https:\/\/www.elpolitologoyelpolitico.com.ar\/wp-content\/uploads\/2022\/10\/IMG-20221006-WA0053-1024x576.jpg\" alt=\"\" class=\"wp-image-25271\" srcset=\"https:\/\/www.elpolitologoyelpolitico.com.ar\/wp-content\/uploads\/2022\/10\/IMG-20221006-WA0053-1024x576.jpg 1024w, https:\/\/www.elpolitologoyelpolitico.com.ar\/wp-content\/uploads\/2022\/10\/IMG-20221006-WA0053-300x169.jpg 300w, https:\/\/www.elpolitologoyelpolitico.com.ar\/wp-content\/uploads\/2022\/10\/IMG-20221006-WA0053-768x432.jpg 768w, https:\/\/www.elpolitologoyelpolitico.com.ar\/wp-content\/uploads\/2022\/10\/IMG-20221006-WA0053.jpg 1280w\" sizes=\"(max-width: 1024px) 100vw, 1024px\" \/><\/figure>\n\n\n\n<figure class=\"wp-block-image size-large\"><img decoding=\"async\" width=\"1024\" height=\"683\" data-id=\"25272\" src=\"https:\/\/www.elpolitologoyelpolitico.com.ar\/wp-content\/uploads\/2022\/10\/IMG-20221006-WA0054-1024x683.jpg\" alt=\"\" class=\"wp-image-25272\" srcset=\"https:\/\/www.elpolitologoyelpolitico.com.ar\/wp-content\/uploads\/2022\/10\/IMG-20221006-WA0054-1024x683.jpg 1024w, https:\/\/www.elpolitologoyelpolitico.com.ar\/wp-content\/uploads\/2022\/10\/IMG-20221006-WA0054-300x200.jpg 300w, https:\/\/www.elpolitologoyelpolitico.com.ar\/wp-content\/uploads\/2022\/10\/IMG-20221006-WA0054-768x512.jpg 768w, https:\/\/www.elpolitologoyelpolitico.com.ar\/wp-content\/uploads\/2022\/10\/IMG-20221006-WA0054.jpg 1068w\" sizes=\"(max-width: 1024px) 100vw, 1024px\" \/><\/figure>\n<\/figure>\n<div class=\"fb-background-color\">\n\t\t\t  <div \n\t\t\t  \tclass = \"fb-comments\" \n\t\t\t  \tdata-href = \"https:\/\/www.elpolitologoyelpolitico.com.ar\/wordpress\/2022\/10\/07\/viedma-se-jerarquiza-con-una-inversion-millonaria-en-obra-publica\/\"\n\t\t\t  \tdata-numposts = \"10\"\n\t\t\t  \tdata-lazy = \"true\"\n\t\t\t\tdata-colorscheme = \"light\"\n\t\t\t\tdata-order-by = \"social\"\n\t\t\t\tdata-mobile=true>\n\t\t\t  <\/div><\/div>\n\t\t  <style>\n\t\t    .fb-background-color {\n\t\t\t\tbackground: #ffffff !important;\n\t\t\t}\n\t\t\t.fb_iframe_widget_fluid_desktop iframe {\n\t\t\t    width: 100% !important;\n\t\t\t}\n\t\t  <\/style>\n\t\t  ","protected":false},"excerpt":{"rendered":"<p>Saneamiento, infraestructura tur\u00edstica y jerarquizaci\u00f3n de edificios y espacios p\u00fablicos, son los grandes rubros donde se despliega un paquete que supera la treintena de obras en Viedma, con una inversi\u00f3n de $2.761.202.618. En tal sentido, en el marco del Plan Director de Cloacas, la obra de saneamiento de mayor envergadura de la provincia se encuentra [&hellip;]<\/p>\n","protected":false},"author":4,"featured_media":25269,"comment_status":"closed","ping_status":"closed","sticky":false,"template":"","format":"standard","meta":{"_joinchat":[],"footnotes":""},"categories":[4],"tags":[],"class_list":["post-25268","post","type-post","status-publish","format-standard","has-post-thumbnail","hentry","category-politicas-publicas"],"_links":{"self":[{"href":"https:\/\/www.elpolitologoyelpolitico.com.ar\/wordpress\/wp-json\/wp\/v2\/posts\/25268","targetHints":{"allow":["GET"]}}],"collection":[{"href":"https:\/\/www.elpolitologoyelpolitico.com.ar\/wordpress\/wp-json\/wp\/v2\/posts"}],"about":[{"href":"https:\/\/www.elpolitologoyelpolitico.com.ar\/wordpress\/wp-json\/wp\/v2\/types\/post"}],"author":[{"embeddable":true,"href":"https:\/\/www.elpolitologoyelpolitico.com.ar\/wordpress\/wp-json\/wp\/v2\/users\/4"}],"replies":[{"embeddable":true,"href":"https:\/\/www.elpolitologoyelpolitico.com.ar\/wordpress\/wp-json\/wp\/v2\/comments?post=25268"}],"version-history":[{"count":0,"href":"https:\/\/www.elpolitologoyelpolitico.com.ar\/wordpress\/wp-json\/wp\/v2\/posts\/25268\/revisions"}],"wp:featuredmedia":[{"embeddable":true,"href":"https:\/\/www.elpolitologoyelpolitico.com.ar\/wordpress\/wp-json\/wp\/v2\/media\/25269"}],"wp:attachment":[{"href":"https:\/\/www.elpolitologoyelpolitico.com.ar\/wordpress\/wp-json\/wp\/v2\/media?parent=25268"}],"wp:term":[{"taxonomy":"category","embeddable":true,"href":"https:\/\/www.elpolitologoyelpolitico.com.ar\/wordpress\/wp-json\/wp\/v2\/categories?post=25268"},{"taxonomy":"post_tag","embeddable":true,"href":"https:\/\/www.elpolitologoyelpolitico.com.ar\/wordpress\/wp-json\/wp\/v2\/tags?post=25268"}],"curies":[{"name":"wp","href":"https:\/\/api.w.org\/{rel}","templated":true}]}}