{"id":25264,"date":"2022-10-07T00:33:32","date_gmt":"2022-10-07T00:33:32","guid":{"rendered":"https:\/\/www.elpolitologoyelpolitico.com.ar\/wordpress\/?p=25264"},"modified":"2022-10-07T00:34:04","modified_gmt":"2022-10-07T00:34:04","slug":"se-reparan-las-bajadas-a-la-playa-en-el-condor","status":"publish","type":"post","link":"https:\/\/www.elpolitologoyelpolitico.com.ar\/wordpress\/2022\/10\/07\/se-reparan-las-bajadas-a-la-playa-en-el-condor\/","title":{"rendered":"Se reparan las bajadas a la playa en El C\u00f3ndor"},"content":{"rendered":"\n<p>El Gobierno de Viedma llevar\u00e1 a cabo varias obras en el balneario El C\u00f3ndor, que incluyen la reparaci\u00f3n en las bajadas de El Faro y Picoto, la ejecuci\u00f3n de las cabeceras en las ramblas de la Costanera, y refacciones en el muro costero.<\/p>\n\n\n\n<p>Las obras de suman a varias de las ya realizadas, como la reparaci\u00f3n de los ba\u00f1os p\u00fablicos ubicados a lado de la Oficina de Informes Tur\u00edsticos.<\/p>\n\n\n\n<p>El secretario de Desarrollo Territorial, H\u00e1bitat y Obras P\u00fablicas Gast\u00f3n Renda, inform\u00f3 que el pr\u00f3ximo 13 de octubre se realizar\u00e1 la apertura de sobres del concurso de precios, y que los trabajos se pondr\u00e1n en marcha de inmediato para llegar con su finalizaci\u00f3n antes de la apertura de la temporada de verano.<\/p>\n\n\n\n<p>Las obras en la bajada de Picoto incluye la reparaci\u00f3n de la escalera; y en el caso de la bajada de El Faro, se proceder\u00e1 a pavimentarla con la construcci\u00f3n de una vereda lateral. Renda record\u00f3 que hace m\u00e1s de un a\u00f1o, la secretar\u00eda a su cargo reformul\u00f3 esta bajada, haci\u00e9ndola m\u00e1s corta y con pendiente moderada, lo que permiti\u00f3 reducir la cantidad de intervenciones del Municipio por la exposici\u00f3n a las condiciones naturales.<\/p>\n\n\n\n<p>Las reparaciones incluir\u00e1n las cabeceras de ramblas. Se trata de las estructuras que sobresalen a la vereda en la Costanera y se introducen en la playa. Hab\u00edan sido alcanzadas por las mareas.<\/p>\n\n\n\n<p>Renda indic\u00f3 adem\u00e1s que se llevar\u00e1n a cabo reparaciones del muro existente.<\/p>\n\n\n\n<p>\u00abTrabajamos junto a la Delegaci\u00f3n en obras para la puesta en valor del balneario El C\u00f3ndor, atendiendo las necesidades de los vecinos y de quienes disfrutan de su belleza natural, adem\u00e1s de los que nos visitan\u00bb, indic\u00f3 Renda.<\/p>\n<div class=\"fb-background-color\">\n\t\t\t  <div \n\t\t\t  \tclass = \"fb-comments\" \n\t\t\t  \tdata-href = \"https:\/\/www.elpolitologoyelpolitico.com.ar\/wordpress\/2022\/10\/07\/se-reparan-las-bajadas-a-la-playa-en-el-condor\/\"\n\t\t\t  \tdata-numposts = \"10\"\n\t\t\t  \tdata-lazy = \"true\"\n\t\t\t\tdata-colorscheme = \"light\"\n\t\t\t\tdata-order-by = \"social\"\n\t\t\t\tdata-mobile=true>\n\t\t\t  <\/div><\/div>\n\t\t  <style>\n\t\t    .fb-background-color {\n\t\t\t\tbackground: #ffffff !important;\n\t\t\t}\n\t\t\t.fb_iframe_widget_fluid_desktop iframe {\n\t\t\t    width: 100% !important;\n\t\t\t}\n\t\t  <\/style>\n\t\t  ","protected":false},"excerpt":{"rendered":"<p>El Gobierno de Viedma llevar\u00e1 a cabo varias obras en el balneario El C\u00f3ndor, que incluyen la reparaci\u00f3n en las bajadas de El Faro y Picoto, la ejecuci\u00f3n de las cabeceras en las ramblas de la Costanera, y refacciones en el muro costero. Las obras de suman a varias de las ya realizadas, como la [&hellip;]<\/p>\n","protected":false},"author":4,"featured_media":25265,"comment_status":"closed","ping_status":"closed","sticky":false,"template":"","format":"standard","meta":{"_joinchat":[],"footnotes":""},"categories":[4],"tags":[],"class_list":["post-25264","post","type-post","status-publish","format-standard","has-post-thumbnail","hentry","category-politicas-publicas"],"_links":{"self":[{"href":"https:\/\/www.elpolitologoyelpolitico.com.ar\/wordpress\/wp-json\/wp\/v2\/posts\/25264","targetHints":{"allow":["GET"]}}],"collection":[{"href":"https:\/\/www.elpolitologoyelpolitico.com.ar\/wordpress\/wp-json\/wp\/v2\/posts"}],"about":[{"href":"https:\/\/www.elpolitologoyelpolitico.com.ar\/wordpress\/wp-json\/wp\/v2\/types\/post"}],"author":[{"embeddable":true,"href":"https:\/\/www.elpolitologoyelpolitico.com.ar\/wordpress\/wp-json\/wp\/v2\/users\/4"}],"replies":[{"embeddable":true,"href":"https:\/\/www.elpolitologoyelpolitico.com.ar\/wordpress\/wp-json\/wp\/v2\/comments?post=25264"}],"version-history":[{"count":0,"href":"https:\/\/www.elpolitologoyelpolitico.com.ar\/wordpress\/wp-json\/wp\/v2\/posts\/25264\/revisions"}],"wp:featuredmedia":[{"embeddable":true,"href":"https:\/\/www.elpolitologoyelpolitico.com.ar\/wordpress\/wp-json\/wp\/v2\/media\/25265"}],"wp:attachment":[{"href":"https:\/\/www.elpolitologoyelpolitico.com.ar\/wordpress\/wp-json\/wp\/v2\/media?parent=25264"}],"wp:term":[{"taxonomy":"category","embeddable":true,"href":"https:\/\/www.elpolitologoyelpolitico.com.ar\/wordpress\/wp-json\/wp\/v2\/categories?post=25264"},{"taxonomy":"post_tag","embeddable":true,"href":"https:\/\/www.elpolitologoyelpolitico.com.ar\/wordpress\/wp-json\/wp\/v2\/tags?post=25264"}],"curies":[{"name":"wp","href":"https:\/\/api.w.org\/{rel}","templated":true}]}}