{"id":25246,"date":"2022-10-06T21:14:11","date_gmt":"2022-10-06T21:14:11","guid":{"rendered":"https:\/\/www.elpolitologoyelpolitico.com.ar\/wordpress\/?p=25246"},"modified":"2022-10-06T21:14:45","modified_gmt":"2022-10-06T21:14:45","slug":"en-un-emotivo-acto-el-intendente-zara-entrego-19-lotes-a-familias-de-carmen-de-patagones","status":"publish","type":"post","link":"https:\/\/www.elpolitologoyelpolitico.com.ar\/wordpress\/2022\/10\/06\/en-un-emotivo-acto-el-intendente-zara-entrego-19-lotes-a-familias-de-carmen-de-patagones\/","title":{"rendered":"En un emotivo acto, el Intendente Zara entreg\u00f3 19 lotes a familias de Carmen de Patagones"},"content":{"rendered":"\n<p>Este jueves por la ma\u00f1ana, el Intendente Municipal, Ing. Jos\u00e9 Luis Zara, presidi\u00f3 el acto de entrega de lotes a 19 familias de Carmen de Patagones.<br><\/p>\n\n\n\n<p>Estuvo acompa\u00f1ado por el Jefe de Gabinete, Fabio Bettinelli, el Secretario de Gobierno, Daniel Paredes, la Coordinadora de Desarrollo y H\u00e1bitat, Alicia Ludue\u00f1a, el responsable del \u00e1rea municipal de H\u00e1bitat, Gerardo S\u00e1nchez, el Secretario y el subsecretario de Obras P\u00fablicas, Jorge Isaac y Roberto Haure, respectivamente, la presidente del Bloque Juntos, Romina Colombi y el concejal del mismo espacio, Armando Baril\u00e1, y el concejal del bloque Avanzar, Marcelo Honcharuk.<br><\/p>\n\n\n\n<p>El marco de la jornada fue sumamente emotivo, teniendo en cuenta que los adjudicatarios debieron aguardar todo el proceso, hasta que el municipio, tras las gestiones del jefe comunal, logr\u00f3 un entendimiento\u00a0 con la Escuela Carlos Spegazzzini, a partir del reconocimiento sobre la titularidad de dominio que la comuna tiene sobre esas tierras.\u00a0<\/p>\n\n\n\n<figure class=\"wp-block-gallery has-nested-images columns-default is-cropped wp-block-gallery-1 is-layout-flex wp-block-gallery-is-layout-flex\">\n<figure class=\"wp-block-image size-large\"><img fetchpriority=\"high\" decoding=\"async\" width=\"1024\" height=\"680\" data-id=\"25248\" src=\"https:\/\/www.elpolitologoyelpolitico.com.ar\/wp-content\/uploads\/2022\/10\/IMG-20221006-WA0038-1024x680.jpg\" alt=\"\" class=\"wp-image-25248\" srcset=\"https:\/\/www.elpolitologoyelpolitico.com.ar\/wp-content\/uploads\/2022\/10\/IMG-20221006-WA0038-1024x680.jpg 1024w, https:\/\/www.elpolitologoyelpolitico.com.ar\/wp-content\/uploads\/2022\/10\/IMG-20221006-WA0038-300x199.jpg 300w, https:\/\/www.elpolitologoyelpolitico.com.ar\/wp-content\/uploads\/2022\/10\/IMG-20221006-WA0038-768x510.jpg 768w, https:\/\/www.elpolitologoyelpolitico.com.ar\/wp-content\/uploads\/2022\/10\/IMG-20221006-WA0038-1536x1020.jpg 1536w, https:\/\/www.elpolitologoyelpolitico.com.ar\/wp-content\/uploads\/2022\/10\/IMG-20221006-WA0038.jpg 1600w\" sizes=\"(max-width: 1024px) 100vw, 1024px\" \/><\/figure>\n<\/figure>\n\n\n\n<p>En la oportunidad, tom\u00f3 la palabra la Coordinadora de Desarrollo y H\u00e1bitat, Alicia Ludue\u00f1a, quien agradeci\u00f3 la paciencia de las familias y asegur\u00f3: \u201choy es un d\u00eda muy importante de poder llevar adelante su pedacito de tierra, el techo y el trabajo tambi\u00e9n para mucha gente. Fueron muy emp\u00e1ticos, trabajaron a la par nuestra, a la par del Intendente para que pueda gestionar y solucionar esta situaci\u00f3n, no solo para ustedes, sino tambi\u00e9n para la chacra Spegazzini, y esto es un hecho muy importante. Agradezco a Jos\u00e9 porque desde el 2016 ha hecho mucho hincapi\u00e9 en este proyecto y hoy no solo lo digo yo, sino que se demuestra con todas las viviendas y toda la gente que hoy est\u00e1 habitando en los lotes del programa Un lote, una vivienda\u201d.<br><\/p>\n\n\n\n<p>A su turno, el Intendente Zara expres\u00f3 su agradecimiento a las familias, \u201cpor la paciencia\u201d. \u201cEsto lo pod\u00edamos haber entregado hace tiempo, pero a veces es inentendible como cuando uno comienza con una propuesta que beneficia a la gente, haya otros que pongan palos en la rueda y lo digo con total sinceridad; cuando asumimos en 2015 era un problema grave que la no pod\u00eda contar con un pedacito de tierra para construir su vivienda y as\u00ed comenzamos con el Consejo de H\u00e1bitat y hoy, gracias al trabajo mancomunado se ha podido dar respuesta a esta gran demanda\u201d.<br><\/p>\n\n\n\n<p>\u201cHemos avanzado un mont\u00f3n, hay un loteo de 800 terrenos sociales que muchos dec\u00edan que la gente no iba a poder construir, que le est\u00e1bamos dando una carpeta que no iban a concretar y ac\u00e1 lo tienen; hechos concretos\u201d, afirm\u00f3 el mandatario.<\/p>\n\n\n\n<figure class=\"wp-block-image size-large is-resized\"><img decoding=\"async\" src=\"https:\/\/www.elpolitologoyelpolitico.com.ar\/wp-content\/uploads\/2022\/10\/IMG-20221006-WA0038-1-1024x680.jpg\" alt=\"\" class=\"wp-image-25249\" width=\"673\" height=\"447\" srcset=\"https:\/\/www.elpolitologoyelpolitico.com.ar\/wp-content\/uploads\/2022\/10\/IMG-20221006-WA0038-1-1024x680.jpg 1024w, https:\/\/www.elpolitologoyelpolitico.com.ar\/wp-content\/uploads\/2022\/10\/IMG-20221006-WA0038-1-300x199.jpg 300w, https:\/\/www.elpolitologoyelpolitico.com.ar\/wp-content\/uploads\/2022\/10\/IMG-20221006-WA0038-1-768x510.jpg 768w, https:\/\/www.elpolitologoyelpolitico.com.ar\/wp-content\/uploads\/2022\/10\/IMG-20221006-WA0038-1-1536x1020.jpg 1536w, https:\/\/www.elpolitologoyelpolitico.com.ar\/wp-content\/uploads\/2022\/10\/IMG-20221006-WA0038-1.jpg 1600w\" sizes=\"(max-width: 673px) 100vw, 673px\" \/><\/figure>\n\n\n\n<p>De la misma manera, resalt\u00f3 la funci\u00f3n del gobierno provincial y el nacional: \u201cnos vienen acompa\u00f1ando. Hace unos d\u00edas nos felicitaron porque ganamos el 8 puesto con el proyecto \u2018Un lote, una vivienda\u2019 y si nos reconoc\u00eda el gobierno nacional por algo era, porque venimos haciendo un trabajo prolijo, planificado, cierto y concreto. Y ah\u00ed mismo el gobierno nacional ha llevado adelante la tercera etapa de lotes con servicios. Cuando empezamos dijeron que le \u00edbamos a quitar tierras a la escuela Spegazzini y eso siempre fue una mentira, esto era tierra del Estado Municipal y que mejor que sea exclusivamente para que las familias tengan un lote y construir en un futuro su vivienda\u201d.<br><\/p>\n\n\n\n<p>\u201cTan errados no est\u00e1bamos, presentamos en la provincia el proyecto urban\u00edstico de este lugar y hace unos d\u00edas, cuando vino el gobernador, Axel Kicillof, y el ministro de Desarrollo Social firmamos un convenio por m\u00e1s de 600 millones para que ac\u00e1 se hagan todos los servicios, no le erramos tanto, no estamos tan equivocados, no estamos haciendo las cosas mal. Por eso agradezco la paciencia de los vecinos, porque algo que tengo bien en claro es la honestidad que tengo tanto yo como mi equipo, nosotros no avanzamos ni nos apropiamos de algo que no es del Estado si no est\u00e1n las cosas en regla. Nos lleva tiempo, nada es f\u00e1cil\u201d, enfatiz\u00f3 Zara.<br><\/p>\n\n\n\n<p>Para finalizar, el jefe comunal afirm\u00f3: \u201choy es una alegr\u00eda entregar los lotes y en poco tiempo vamos a firmar los convenios para traer los servicios\u201d y asegur\u00f3 que, de acuerdo a su compromiso con la educaci\u00f3n en todo el distrito, \u201ccontinuaremos trabajando con la escuela Spegazzini\u201d, sobre las distintas necesidades de la instituci\u00f3n.<\/p>\n\n\n\n<figure class=\"wp-block-image size-large\"><img decoding=\"async\" width=\"1024\" height=\"680\" src=\"https:\/\/www.elpolitologoyelpolitico.com.ar\/wp-content\/uploads\/2022\/10\/IMG-20221006-WA0041-1024x680.jpg\" alt=\"\" class=\"wp-image-25250\" srcset=\"https:\/\/www.elpolitologoyelpolitico.com.ar\/wp-content\/uploads\/2022\/10\/IMG-20221006-WA0041-1024x680.jpg 1024w, https:\/\/www.elpolitologoyelpolitico.com.ar\/wp-content\/uploads\/2022\/10\/IMG-20221006-WA0041-300x199.jpg 300w, https:\/\/www.elpolitologoyelpolitico.com.ar\/wp-content\/uploads\/2022\/10\/IMG-20221006-WA0041-768x510.jpg 768w, https:\/\/www.elpolitologoyelpolitico.com.ar\/wp-content\/uploads\/2022\/10\/IMG-20221006-WA0041-1536x1020.jpg 1536w, https:\/\/www.elpolitologoyelpolitico.com.ar\/wp-content\/uploads\/2022\/10\/IMG-20221006-WA0041.jpg 1600w\" sizes=\"(max-width: 1024px) 100vw, 1024px\" \/><\/figure>\n\n\n\n<p>Tras la entrega formal de los lotes, las familias celebraron la posibilidad de tomar posesi\u00f3n plena de la tierra adjudicada, en la Chacra 183, a trav\u00e9s del Programa \u00abUn Lote = Una Vivienda\u00bb.<br><\/p>\n\n\n\n<p>\u201cEstamos contentos, ha llegado el d\u00eda tan esperado\u201d, expres\u00f3 Gonzalo Vel\u00e1zquez, parte del grupo de vecinos que recibi\u00f3 su lote.&nbsp;&nbsp;<br><\/p>\n\n\n\n<p>Asimismo, agradeci\u00f3 \u201ca todo el equipo de H\u00e1bitat y al Intendente, Jos\u00e9 Luis Zara, que nos acompa\u00f1\u00f3 desde la gesti\u00f3n, nos sentimos parte y creemos que fue un trabajo en com\u00fan, de espera y acci\u00f3n. Hoy lleg\u00f3 el d\u00eda y estamos expectantes y ansiosos, ya estamos viendo los contratos, las carpetas y los terrenos, el sue\u00f1o de la casa propia es posible\u201d.<\/p>\n<div class=\"fb-background-color\">\n\t\t\t  <div \n\t\t\t  \tclass = \"fb-comments\" \n\t\t\t  \tdata-href = \"https:\/\/www.elpolitologoyelpolitico.com.ar\/wordpress\/2022\/10\/06\/en-un-emotivo-acto-el-intendente-zara-entrego-19-lotes-a-familias-de-carmen-de-patagones\/\"\n\t\t\t  \tdata-numposts = \"10\"\n\t\t\t  \tdata-lazy = \"true\"\n\t\t\t\tdata-colorscheme = \"light\"\n\t\t\t\tdata-order-by = \"social\"\n\t\t\t\tdata-mobile=true>\n\t\t\t  <\/div><\/div>\n\t\t  <style>\n\t\t    .fb-background-color {\n\t\t\t\tbackground: #ffffff !important;\n\t\t\t}\n\t\t\t.fb_iframe_widget_fluid_desktop iframe {\n\t\t\t    width: 100% !important;\n\t\t\t}\n\t\t  <\/style>\n\t\t  ","protected":false},"excerpt":{"rendered":"<p>Este jueves por la ma\u00f1ana, el Intendente Municipal, Ing. Jos\u00e9 Luis Zara, presidi\u00f3 el acto de entrega de lotes a 19 familias de Carmen de Patagones. Estuvo acompa\u00f1ado por el Jefe de Gabinete, Fabio Bettinelli, el Secretario de Gobierno, Daniel Paredes, la Coordinadora de Desarrollo y H\u00e1bitat, Alicia Ludue\u00f1a, el responsable del \u00e1rea municipal de [&hellip;]<\/p>\n","protected":false},"author":4,"featured_media":25247,"comment_status":"closed","ping_status":"closed","sticky":false,"template":"","format":"standard","meta":{"_joinchat":[],"footnotes":""},"categories":[4],"tags":[],"class_list":["post-25246","post","type-post","status-publish","format-standard","has-post-thumbnail","hentry","category-politicas-publicas"],"_links":{"self":[{"href":"https:\/\/www.elpolitologoyelpolitico.com.ar\/wordpress\/wp-json\/wp\/v2\/posts\/25246","targetHints":{"allow":["GET"]}}],"collection":[{"href":"https:\/\/www.elpolitologoyelpolitico.com.ar\/wordpress\/wp-json\/wp\/v2\/posts"}],"about":[{"href":"https:\/\/www.elpolitologoyelpolitico.com.ar\/wordpress\/wp-json\/wp\/v2\/types\/post"}],"author":[{"embeddable":true,"href":"https:\/\/www.elpolitologoyelpolitico.com.ar\/wordpress\/wp-json\/wp\/v2\/users\/4"}],"replies":[{"embeddable":true,"href":"https:\/\/www.elpolitologoyelpolitico.com.ar\/wordpress\/wp-json\/wp\/v2\/comments?post=25246"}],"version-history":[{"count":0,"href":"https:\/\/www.elpolitologoyelpolitico.com.ar\/wordpress\/wp-json\/wp\/v2\/posts\/25246\/revisions"}],"wp:featuredmedia":[{"embeddable":true,"href":"https:\/\/www.elpolitologoyelpolitico.com.ar\/wordpress\/wp-json\/wp\/v2\/media\/25247"}],"wp:attachment":[{"href":"https:\/\/www.elpolitologoyelpolitico.com.ar\/wordpress\/wp-json\/wp\/v2\/media?parent=25246"}],"wp:term":[{"taxonomy":"category","embeddable":true,"href":"https:\/\/www.elpolitologoyelpolitico.com.ar\/wordpress\/wp-json\/wp\/v2\/categories?post=25246"},{"taxonomy":"post_tag","embeddable":true,"href":"https:\/\/www.elpolitologoyelpolitico.com.ar\/wordpress\/wp-json\/wp\/v2\/tags?post=25246"}],"curies":[{"name":"wp","href":"https:\/\/api.w.org\/{rel}","templated":true}]}}