{"id":25201,"date":"2022-10-05T19:51:10","date_gmt":"2022-10-05T19:51:10","guid":{"rendered":"https:\/\/www.elpolitologoyelpolitico.com.ar\/wordpress\/?p=25201"},"modified":"2022-10-05T19:52:17","modified_gmt":"2022-10-05T19:52:17","slug":"el-gobierno-de-viedma-implemento-un-sistema-alternativo-para-evacuar-las-aguas-de-lluvia-de-los-barrios-lavalle-y-mi-bandera","status":"publish","type":"post","link":"https:\/\/www.elpolitologoyelpolitico.com.ar\/wordpress\/2022\/10\/05\/el-gobierno-de-viedma-implemento-un-sistema-alternativo-para-evacuar-las-aguas-de-lluvia-de-los-barrios-lavalle-y-mi-bandera\/","title":{"rendered":"El Gobierno de Viedma implement\u00f3 un sistema alternativo para evacuar las aguas de lluvia de los barrios Lavalle y Mi Bandera"},"content":{"rendered":"\n<p>El Gobierno de Viedma implement\u00f3 un sistema alternativo para evacuar la gran cantidad de agua acumulada en los barrios Lavalle y Mi Bandera, producto de las copiosas lluvias registradas entre la madrugada y la tarde de este martes.<\/p>\n\n\n\n<p>El sistema consisti\u00f3 en activar bombas alternativas trasladables, para vaciar el habit\u00e1culo subterr\u00e1neo ubicado en la subestaci\u00f3n de bombeo de las calles 25 y 2 del barrio Mi Bandera.<\/p>\n\n\n\n<p>Para ello, se encendieron las bombas y se conectaron mangueras que trasladan los l\u00edquidos desde la planta hasta un dren contiguo, de modo de permitir que desciendan los excedentes de varias de las calles que permanecen anegadas.<\/p>\n\n\n\n<p>Las distintas \u00e1reas el gobierno de la Municipalidad estuvieron a disposici\u00f3n de la contingencia, para responder a las demandas que surgieron a ra\u00edz del temporal de lluvia.<\/p>\n\n\n\n<p>La situaci\u00f3n observada en toda la cuenca que desemboca en la subestaci\u00f3n elevadora del barrio Mi Bandera fue a consecuencia de un grave hecho de vandalismo registrado el viernes de la semana pasada. Los da\u00f1os fueron grav\u00edsimos, a punto tal que dejaron al sistema completamente fuera de funcionamiento, ocasionando severos problemas a vecinos y vecinas de este sector de la ciudad.<\/p>\n\n\n\n<figure class=\"wp-block-gallery has-nested-images columns-default is-cropped wp-block-gallery-1 is-layout-flex wp-block-gallery-is-layout-flex\">\n<figure class=\"wp-block-image size-large\"><img fetchpriority=\"high\" decoding=\"async\" width=\"720\" height=\"318\" data-id=\"25203\" src=\"https:\/\/www.elpolitologoyelpolitico.com.ar\/wp-content\/uploads\/2022\/10\/IMG-20221005-WA0009.jpg\" alt=\"\" class=\"wp-image-25203\" srcset=\"https:\/\/www.elpolitologoyelpolitico.com.ar\/wp-content\/uploads\/2022\/10\/IMG-20221005-WA0009.jpg 720w, https:\/\/www.elpolitologoyelpolitico.com.ar\/wp-content\/uploads\/2022\/10\/IMG-20221005-WA0009-300x133.jpg 300w\" sizes=\"(max-width: 720px) 100vw, 720px\" \/><\/figure>\n\n\n\n<figure class=\"wp-block-image size-large\"><img decoding=\"async\" width=\"720\" height=\"322\" data-id=\"25204\" src=\"https:\/\/www.elpolitologoyelpolitico.com.ar\/wp-content\/uploads\/2022\/10\/IMG-20221005-WA0008.jpg\" alt=\"\" class=\"wp-image-25204\" srcset=\"https:\/\/www.elpolitologoyelpolitico.com.ar\/wp-content\/uploads\/2022\/10\/IMG-20221005-WA0008.jpg 720w, https:\/\/www.elpolitologoyelpolitico.com.ar\/wp-content\/uploads\/2022\/10\/IMG-20221005-WA0008-300x134.jpg 300w\" sizes=\"(max-width: 720px) 100vw, 720px\" \/><\/figure>\n<\/figure>\n<div class=\"fb-background-color\">\n\t\t\t  <div \n\t\t\t  \tclass = \"fb-comments\" \n\t\t\t  \tdata-href = \"https:\/\/www.elpolitologoyelpolitico.com.ar\/wordpress\/2022\/10\/05\/el-gobierno-de-viedma-implemento-un-sistema-alternativo-para-evacuar-las-aguas-de-lluvia-de-los-barrios-lavalle-y-mi-bandera\/\"\n\t\t\t  \tdata-numposts = \"10\"\n\t\t\t  \tdata-lazy = \"true\"\n\t\t\t\tdata-colorscheme = \"light\"\n\t\t\t\tdata-order-by = \"social\"\n\t\t\t\tdata-mobile=true>\n\t\t\t  <\/div><\/div>\n\t\t  <style>\n\t\t    .fb-background-color {\n\t\t\t\tbackground: #ffffff !important;\n\t\t\t}\n\t\t\t.fb_iframe_widget_fluid_desktop iframe {\n\t\t\t    width: 100% !important;\n\t\t\t}\n\t\t  <\/style>\n\t\t  ","protected":false},"excerpt":{"rendered":"<p>El Gobierno de Viedma implement\u00f3 un sistema alternativo para evacuar la gran cantidad de agua acumulada en los barrios Lavalle y Mi Bandera, producto de las copiosas lluvias registradas entre la madrugada y la tarde de este martes. El sistema consisti\u00f3 en activar bombas alternativas trasladables, para vaciar el habit\u00e1culo subterr\u00e1neo ubicado en la subestaci\u00f3n [&hellip;]<\/p>\n","protected":false},"author":4,"featured_media":25202,"comment_status":"closed","ping_status":"closed","sticky":false,"template":"","format":"standard","meta":{"_joinchat":[],"footnotes":""},"categories":[4],"tags":[],"class_list":["post-25201","post","type-post","status-publish","format-standard","has-post-thumbnail","hentry","category-politicas-publicas"],"_links":{"self":[{"href":"https:\/\/www.elpolitologoyelpolitico.com.ar\/wordpress\/wp-json\/wp\/v2\/posts\/25201","targetHints":{"allow":["GET"]}}],"collection":[{"href":"https:\/\/www.elpolitologoyelpolitico.com.ar\/wordpress\/wp-json\/wp\/v2\/posts"}],"about":[{"href":"https:\/\/www.elpolitologoyelpolitico.com.ar\/wordpress\/wp-json\/wp\/v2\/types\/post"}],"author":[{"embeddable":true,"href":"https:\/\/www.elpolitologoyelpolitico.com.ar\/wordpress\/wp-json\/wp\/v2\/users\/4"}],"replies":[{"embeddable":true,"href":"https:\/\/www.elpolitologoyelpolitico.com.ar\/wordpress\/wp-json\/wp\/v2\/comments?post=25201"}],"version-history":[{"count":0,"href":"https:\/\/www.elpolitologoyelpolitico.com.ar\/wordpress\/wp-json\/wp\/v2\/posts\/25201\/revisions"}],"wp:featuredmedia":[{"embeddable":true,"href":"https:\/\/www.elpolitologoyelpolitico.com.ar\/wordpress\/wp-json\/wp\/v2\/media\/25202"}],"wp:attachment":[{"href":"https:\/\/www.elpolitologoyelpolitico.com.ar\/wordpress\/wp-json\/wp\/v2\/media?parent=25201"}],"wp:term":[{"taxonomy":"category","embeddable":true,"href":"https:\/\/www.elpolitologoyelpolitico.com.ar\/wordpress\/wp-json\/wp\/v2\/categories?post=25201"},{"taxonomy":"post_tag","embeddable":true,"href":"https:\/\/www.elpolitologoyelpolitico.com.ar\/wordpress\/wp-json\/wp\/v2\/tags?post=25201"}],"curies":[{"name":"wp","href":"https:\/\/api.w.org\/{rel}","templated":true}]}}