{"id":2520,"date":"2021-05-04T16:24:44","date_gmt":"2021-05-04T16:24:44","guid":{"rendered":"https:\/\/www.elpolitologoyelpolitico.com.ar\/wordpress\/?p=2520"},"modified":"2021-05-04T16:25:15","modified_gmt":"2021-05-04T16:25:15","slug":"se-realizara-un-relevamiento-de-registros-de-los-servicios-turisticos-del-partido","status":"publish","type":"post","link":"https:\/\/www.elpolitologoyelpolitico.com.ar\/wordpress\/2021\/05\/04\/se-realizara-un-relevamiento-de-registros-de-los-servicios-turisticos-del-partido\/","title":{"rendered":"Se realizar\u00e1 un relevamiento de registros de los servicios tur\u00edsticos del Partido"},"content":{"rendered":"\t\t<div data-elementor-type=\"wp-post\" data-elementor-id=\"2520\" class=\"elementor elementor-2520\">\n\t\t\t\t\t\t<section class=\"elementor-section elementor-top-section elementor-element elementor-element-4974a059 elementor-section-boxed elementor-section-height-default elementor-section-height-default\" data-id=\"4974a059\" data-element_type=\"section\" data-e-type=\"section\">\n\t\t\t\t\t\t<div class=\"elementor-container elementor-column-gap-default\">\n\t\t\t\t\t<div class=\"elementor-column elementor-col-100 elementor-top-column elementor-element elementor-element-2bc70f2d\" data-id=\"2bc70f2d\" data-element_type=\"column\" data-e-type=\"column\">\n\t\t\t<div class=\"elementor-widget-wrap elementor-element-populated\">\n\t\t\t\t\t\t<div class=\"elementor-element elementor-element-f2939a0 elementor-widget elementor-widget-text-editor\" data-id=\"f2939a0\" data-element_type=\"widget\" data-e-type=\"widget\" data-widget_type=\"text-editor.default\">\n\t\t\t\t<div class=\"elementor-widget-container\">\n\t\t\t\t\t\t\t\t\t\n<p>La Direcci\u00f3n de Turismo perteneciente a la Subsecretar\u00eda de Desarrollo Territorial informa que a fin de renovar nuestro registro de servicios tur\u00edsticos del Partido de Patagones se realizar\u00e1 un trabajo de relevamiento en cada localidad.<\/p>\n\n\n\n<p>Personal de esta \u00e1rea se contactar\u00e1 con dichos prestadores a fin de recabar la informaci\u00f3n&nbsp;que servir\u00e1 para constatar&nbsp;la oferta tur\u00edstica real. Esta iniciativa busca mejorar la promoci\u00f3n de los mismos, promoviendo una mayor organizaci\u00f3n y jerarquizaci\u00f3n de la planta tur\u00edstica.<\/p>\n\n\n\n<p>Invitamos a aquellos que deseen actualizar su informaci\u00f3n a contactarse por los siguientes medios:<\/p>\n\n\n\n<p>Carmen de Patagones: 2920-465406\/ 2920- 464819.<\/p>\n\n\n\n<p>Email&nbsp;<a href=\"mailto:turismopatagones@gmail.com\" target=\"_blank\" rel=\"noreferrer noopener\">turismopatagones@gmail.com<\/a>.&nbsp;<\/p>\n\t\t\t\t\t\t\t\t<\/div>\n\t\t\t\t<\/div>\n\t\t\t\t\t<\/div>\n\t\t<\/div>\n\t\t\t\t\t<\/div>\n\t\t<\/section>\n\t\t\t\t<\/div>\n\t\t<div class=\"fb-background-color\">\n\t\t\t  <div \n\t\t\t  \tclass = \"fb-comments\" \n\t\t\t  \tdata-href = \"https:\/\/www.elpolitologoyelpolitico.com.ar\/wordpress\/2021\/05\/04\/se-realizara-un-relevamiento-de-registros-de-los-servicios-turisticos-del-partido\/\"\n\t\t\t  \tdata-numposts = \"10\"\n\t\t\t  \tdata-lazy = \"true\"\n\t\t\t\tdata-colorscheme = \"light\"\n\t\t\t\tdata-order-by = \"social\"\n\t\t\t\tdata-mobile=true>\n\t\t\t  <\/div><\/div>\n\t\t  <style>\n\t\t    .fb-background-color {\n\t\t\t\tbackground: #ffffff !important;\n\t\t\t}\n\t\t\t.fb_iframe_widget_fluid_desktop iframe {\n\t\t\t    width: 100% !important;\n\t\t\t}\n\t\t  <\/style>\n\t\t  ","protected":false},"excerpt":{"rendered":"<p>La Direcci\u00f3n de Turismo perteneciente a la Subsecretar\u00eda de Desarrollo Territorial informa que a fin de renovar nuestro registro de servicios tur\u00edsticos del Partido de Patagones se realizar\u00e1 un trabajo de relevamiento en cada localidad. Personal de esta \u00e1rea se contactar\u00e1 con dichos prestadores a fin de recabar la informaci\u00f3n&nbsp;que servir\u00e1 para constatar&nbsp;la oferta tur\u00edstica [&hellip;]<\/p>\n","protected":false},"author":4,"featured_media":2521,"comment_status":"closed","ping_status":"closed","sticky":false,"template":"","format":"standard","meta":{"_joinchat":[],"footnotes":""},"categories":[39],"tags":[],"class_list":["post-2520","post","type-post","status-publish","format-standard","has-post-thumbnail","hentry","category-en-esta-seccion"],"_links":{"self":[{"href":"https:\/\/www.elpolitologoyelpolitico.com.ar\/wordpress\/wp-json\/wp\/v2\/posts\/2520","targetHints":{"allow":["GET"]}}],"collection":[{"href":"https:\/\/www.elpolitologoyelpolitico.com.ar\/wordpress\/wp-json\/wp\/v2\/posts"}],"about":[{"href":"https:\/\/www.elpolitologoyelpolitico.com.ar\/wordpress\/wp-json\/wp\/v2\/types\/post"}],"author":[{"embeddable":true,"href":"https:\/\/www.elpolitologoyelpolitico.com.ar\/wordpress\/wp-json\/wp\/v2\/users\/4"}],"replies":[{"embeddable":true,"href":"https:\/\/www.elpolitologoyelpolitico.com.ar\/wordpress\/wp-json\/wp\/v2\/comments?post=2520"}],"version-history":[{"count":0,"href":"https:\/\/www.elpolitologoyelpolitico.com.ar\/wordpress\/wp-json\/wp\/v2\/posts\/2520\/revisions"}],"wp:featuredmedia":[{"embeddable":true,"href":"https:\/\/www.elpolitologoyelpolitico.com.ar\/wordpress\/wp-json\/wp\/v2\/media\/2521"}],"wp:attachment":[{"href":"https:\/\/www.elpolitologoyelpolitico.com.ar\/wordpress\/wp-json\/wp\/v2\/media?parent=2520"}],"wp:term":[{"taxonomy":"category","embeddable":true,"href":"https:\/\/www.elpolitologoyelpolitico.com.ar\/wordpress\/wp-json\/wp\/v2\/categories?post=2520"},{"taxonomy":"post_tag","embeddable":true,"href":"https:\/\/www.elpolitologoyelpolitico.com.ar\/wordpress\/wp-json\/wp\/v2\/tags?post=2520"}],"curies":[{"name":"wp","href":"https:\/\/api.w.org\/{rel}","templated":true}]}}