{"id":25196,"date":"2022-10-05T19:33:42","date_gmt":"2022-10-05T19:33:42","guid":{"rendered":"https:\/\/www.elpolitologoyelpolitico.com.ar\/wordpress\/?p=25196"},"modified":"2022-10-05T19:34:15","modified_gmt":"2022-10-05T19:34:15","slug":"presentaron-el-protocolo-de-abordaje-para-adultos-mayores-en-stroeder","status":"publish","type":"post","link":"https:\/\/www.elpolitologoyelpolitico.com.ar\/wordpress\/2022\/10\/05\/presentaron-el-protocolo-de-abordaje-para-adultos-mayores-en-stroeder\/","title":{"rendered":"Presentaron el protocolo de abordaje para adultos mayores en Stroeder"},"content":{"rendered":"\n<p>La Directora de Pol\u00edticas Sociales y Acci\u00f3n Comunitaria y Coordinadora del \u00e1rea de Area de Adultos Mayores, Mar\u00eda del Carmen Alonso, junto a agentes de la Secretar\u00eda de Desarrollo Social, se reunieron con el Delegado Municipal de Stroeder, Emiliano L\u00f3pez.&nbsp;<\/p>\n\n\n\n<p>Las referentes del \u00c1rea de Adultos Mayores brindaron detalles al delegado su equipo sobre el nuevo protocolo de abordaje de distintas situaciones que requieren su intervenci\u00f3n.<\/p>\n\n\n\n<p>Cabe destacar que en los \u00faltimos d\u00edas el equipo se encuentra recorriendo el distrito para presentar el nuevo esquema de trabajo a los referentes de las distintas localidades.<\/p>\n\n\n\n<figure class=\"wp-block-gallery has-nested-images columns-default is-cropped wp-block-gallery-1 is-layout-flex wp-block-gallery-is-layout-flex\">\n<figure class=\"wp-block-image size-large\"><img fetchpriority=\"high\" decoding=\"async\" width=\"720\" height=\"395\" data-id=\"25198\" src=\"https:\/\/www.elpolitologoyelpolitico.com.ar\/wp-content\/uploads\/2022\/10\/IMG-20221005-WA0005.jpg\" alt=\"\" class=\"wp-image-25198\" srcset=\"https:\/\/www.elpolitologoyelpolitico.com.ar\/wp-content\/uploads\/2022\/10\/IMG-20221005-WA0005.jpg 720w, https:\/\/www.elpolitologoyelpolitico.com.ar\/wp-content\/uploads\/2022\/10\/IMG-20221005-WA0005-300x165.jpg 300w\" sizes=\"(max-width: 720px) 100vw, 720px\" \/><\/figure>\n<\/figure>\n<div class=\"fb-background-color\">\n\t\t\t  <div \n\t\t\t  \tclass = \"fb-comments\" \n\t\t\t  \tdata-href = \"https:\/\/www.elpolitologoyelpolitico.com.ar\/wordpress\/2022\/10\/05\/presentaron-el-protocolo-de-abordaje-para-adultos-mayores-en-stroeder\/\"\n\t\t\t  \tdata-numposts = \"10\"\n\t\t\t  \tdata-lazy = \"true\"\n\t\t\t\tdata-colorscheme = \"light\"\n\t\t\t\tdata-order-by = \"social\"\n\t\t\t\tdata-mobile=true>\n\t\t\t  <\/div><\/div>\n\t\t  <style>\n\t\t    .fb-background-color {\n\t\t\t\tbackground: #ffffff !important;\n\t\t\t}\n\t\t\t.fb_iframe_widget_fluid_desktop iframe {\n\t\t\t    width: 100% !important;\n\t\t\t}\n\t\t  <\/style>\n\t\t  ","protected":false},"excerpt":{"rendered":"<p>La Directora de Pol\u00edticas Sociales y Acci\u00f3n Comunitaria y Coordinadora del \u00e1rea de Area de Adultos Mayores, Mar\u00eda del Carmen Alonso, junto a agentes de la Secretar\u00eda de Desarrollo Social, se reunieron con el Delegado Municipal de Stroeder, Emiliano L\u00f3pez.&nbsp; Las referentes del \u00c1rea de Adultos Mayores brindaron detalles al delegado su equipo sobre el [&hellip;]<\/p>\n","protected":false},"author":4,"featured_media":25197,"comment_status":"closed","ping_status":"closed","sticky":false,"template":"","format":"standard","meta":{"_joinchat":[],"footnotes":""},"categories":[4],"tags":[],"class_list":["post-25196","post","type-post","status-publish","format-standard","has-post-thumbnail","hentry","category-politicas-publicas"],"_links":{"self":[{"href":"https:\/\/www.elpolitologoyelpolitico.com.ar\/wordpress\/wp-json\/wp\/v2\/posts\/25196","targetHints":{"allow":["GET"]}}],"collection":[{"href":"https:\/\/www.elpolitologoyelpolitico.com.ar\/wordpress\/wp-json\/wp\/v2\/posts"}],"about":[{"href":"https:\/\/www.elpolitologoyelpolitico.com.ar\/wordpress\/wp-json\/wp\/v2\/types\/post"}],"author":[{"embeddable":true,"href":"https:\/\/www.elpolitologoyelpolitico.com.ar\/wordpress\/wp-json\/wp\/v2\/users\/4"}],"replies":[{"embeddable":true,"href":"https:\/\/www.elpolitologoyelpolitico.com.ar\/wordpress\/wp-json\/wp\/v2\/comments?post=25196"}],"version-history":[{"count":0,"href":"https:\/\/www.elpolitologoyelpolitico.com.ar\/wordpress\/wp-json\/wp\/v2\/posts\/25196\/revisions"}],"wp:featuredmedia":[{"embeddable":true,"href":"https:\/\/www.elpolitologoyelpolitico.com.ar\/wordpress\/wp-json\/wp\/v2\/media\/25197"}],"wp:attachment":[{"href":"https:\/\/www.elpolitologoyelpolitico.com.ar\/wordpress\/wp-json\/wp\/v2\/media?parent=25196"}],"wp:term":[{"taxonomy":"category","embeddable":true,"href":"https:\/\/www.elpolitologoyelpolitico.com.ar\/wordpress\/wp-json\/wp\/v2\/categories?post=25196"},{"taxonomy":"post_tag","embeddable":true,"href":"https:\/\/www.elpolitologoyelpolitico.com.ar\/wordpress\/wp-json\/wp\/v2\/tags?post=25196"}],"curies":[{"name":"wp","href":"https:\/\/api.w.org\/{rel}","templated":true}]}}