{"id":25192,"date":"2022-10-05T17:59:40","date_gmt":"2022-10-05T17:59:40","guid":{"rendered":"https:\/\/www.elpolitologoyelpolitico.com.ar\/wordpress\/?p=25192"},"modified":"2022-10-05T18:00:20","modified_gmt":"2022-10-05T18:00:20","slug":"salud-designo-una-nueva-empresa-para-reparar-el-techo-del-hospital-zatti","status":"publish","type":"post","link":"https:\/\/www.elpolitologoyelpolitico.com.ar\/wordpress\/2022\/10\/05\/salud-designo-una-nueva-empresa-para-reparar-el-techo-del-hospital-zatti\/","title":{"rendered":"Salud design\u00f3 una nueva empresa para reparar el techo del Hospital Zatti"},"content":{"rendered":"\n<p>La obra de recambio de cubierta del Hospital Art\u00e9mides Zatti de Viedma estaba prevista ser retomada en estos d\u00edas y la empresa a cargo demor\u00f3 las tareas, motivo por el cual se decidi\u00f3 rescindir el contrato y designar nueva empresa para los trabajos.<\/p>\n\n\n\n<p>El Director del hospital, Jos\u00e9 Pacayut, explic\u00f3 que la reparaci\u00f3n de la loza, ubicada por encima del pasillo, estaba prevista para ser retomada estos d\u00edas pero no fue as\u00ed, y con la intensa lluvia registrada ayer en la ciudad, el pasillo central sufri\u00f3 filtraciones de agua.<\/p>\n\n\n\n<p>Los trabajos, a cargo de la empresa unipersonal Caballero,&nbsp; ya se hab\u00edan iniciado con el levantamiento de la membrana y deb\u00edan continuar con las reparaciones, recambio y declive, pero se demoraron.<\/p>\n\n\n\n<p>Por este motivo, desde el Ministerio de Salud se decidi\u00f3 rescindir el contrato con la empresa y sumar estos trabajos a la firma Arroyito Construcciones SAS, quien est\u00e1 pronto a iniciar el recambio total del techo del sector de maternidad.<\/p>\n\n\n\n<p>Esta Empresa culminar\u00e1 los trabajos de recambio de loza del pasillo central afectado por la lluvia y har\u00e1 lo propio con el sector de maternidad, d\u00f3nde est\u00e1 previsto realizar el cambio de la totalidad de la cubierta con una superficie de 540 m2.<\/p>\n<div class=\"fb-background-color\">\n\t\t\t  <div \n\t\t\t  \tclass = \"fb-comments\" \n\t\t\t  \tdata-href = \"https:\/\/www.elpolitologoyelpolitico.com.ar\/wordpress\/2022\/10\/05\/salud-designo-una-nueva-empresa-para-reparar-el-techo-del-hospital-zatti\/\"\n\t\t\t  \tdata-numposts = \"10\"\n\t\t\t  \tdata-lazy = \"true\"\n\t\t\t\tdata-colorscheme = \"light\"\n\t\t\t\tdata-order-by = \"social\"\n\t\t\t\tdata-mobile=true>\n\t\t\t  <\/div><\/div>\n\t\t  <style>\n\t\t    .fb-background-color {\n\t\t\t\tbackground: #ffffff !important;\n\t\t\t}\n\t\t\t.fb_iframe_widget_fluid_desktop iframe {\n\t\t\t    width: 100% !important;\n\t\t\t}\n\t\t  <\/style>\n\t\t  ","protected":false},"excerpt":{"rendered":"<p>La obra de recambio de cubierta del Hospital Art\u00e9mides Zatti de Viedma estaba prevista ser retomada en estos d\u00edas y la empresa a cargo demor\u00f3 las tareas, motivo por el cual se decidi\u00f3 rescindir el contrato y designar nueva empresa para los trabajos. El Director del hospital, Jos\u00e9 Pacayut, explic\u00f3 que la reparaci\u00f3n de la [&hellip;]<\/p>\n","protected":false},"author":4,"featured_media":25193,"comment_status":"closed","ping_status":"closed","sticky":false,"template":"","format":"standard","meta":{"_joinchat":[],"footnotes":""},"categories":[4],"tags":[],"class_list":["post-25192","post","type-post","status-publish","format-standard","has-post-thumbnail","hentry","category-politicas-publicas"],"_links":{"self":[{"href":"https:\/\/www.elpolitologoyelpolitico.com.ar\/wordpress\/wp-json\/wp\/v2\/posts\/25192","targetHints":{"allow":["GET"]}}],"collection":[{"href":"https:\/\/www.elpolitologoyelpolitico.com.ar\/wordpress\/wp-json\/wp\/v2\/posts"}],"about":[{"href":"https:\/\/www.elpolitologoyelpolitico.com.ar\/wordpress\/wp-json\/wp\/v2\/types\/post"}],"author":[{"embeddable":true,"href":"https:\/\/www.elpolitologoyelpolitico.com.ar\/wordpress\/wp-json\/wp\/v2\/users\/4"}],"replies":[{"embeddable":true,"href":"https:\/\/www.elpolitologoyelpolitico.com.ar\/wordpress\/wp-json\/wp\/v2\/comments?post=25192"}],"version-history":[{"count":0,"href":"https:\/\/www.elpolitologoyelpolitico.com.ar\/wordpress\/wp-json\/wp\/v2\/posts\/25192\/revisions"}],"wp:featuredmedia":[{"embeddable":true,"href":"https:\/\/www.elpolitologoyelpolitico.com.ar\/wordpress\/wp-json\/wp\/v2\/media\/25193"}],"wp:attachment":[{"href":"https:\/\/www.elpolitologoyelpolitico.com.ar\/wordpress\/wp-json\/wp\/v2\/media?parent=25192"}],"wp:term":[{"taxonomy":"category","embeddable":true,"href":"https:\/\/www.elpolitologoyelpolitico.com.ar\/wordpress\/wp-json\/wp\/v2\/categories?post=25192"},{"taxonomy":"post_tag","embeddable":true,"href":"https:\/\/www.elpolitologoyelpolitico.com.ar\/wordpress\/wp-json\/wp\/v2\/tags?post=25192"}],"curies":[{"name":"wp","href":"https:\/\/api.w.org\/{rel}","templated":true}]}}