{"id":25184,"date":"2022-10-05T16:41:51","date_gmt":"2022-10-05T16:41:51","guid":{"rendered":"https:\/\/www.elpolitologoyelpolitico.com.ar\/wordpress\/?p=25184"},"modified":"2022-10-05T16:41:52","modified_gmt":"2022-10-05T16:41:52","slug":"patagones-adhiere-a-la-campana-nacional-de-vacunacion-contra-el-sarampion-la-rubeola-paperas-y-poliomielitis","status":"publish","type":"post","link":"https:\/\/www.elpolitologoyelpolitico.com.ar\/wordpress\/2022\/10\/05\/patagones-adhiere-a-la-campana-nacional-de-vacunacion-contra-el-sarampion-la-rubeola-paperas-y-poliomielitis\/","title":{"rendered":"Patagones adhiere a la Campa\u00f1a Nacional de Vacunaci\u00f3n contra el Sarampi\u00f3n, la Rubeola, Paperas y Poliomielitis"},"content":{"rendered":"\n<p>Se puso en marcha en el Distrito la Campa\u00f1a Nacional de Vacunaci\u00f3n masiva contra el Sarampi\u00f3n, la Rubeola, Paperas y Poliomielitis 2022.&nbsp;<\/p>\n\n\n\n<p>El servicio est\u00e1 a disposici\u00f3n de padres y adultos responsables de ni\u00f1os de 13 meses a 4 a\u00f1os de edad.&nbsp;<\/p>\n\n\n\n<p>Deben concurrir con Documento Nacional de Identidad y carnet, sin necesidad de orden m\u00e9dica.<\/p>\n\n\n\n<p><strong>La campa\u00f1a de inoculaci\u00f3n se realiza en todos los Centros de Atenci\u00f3n Primaria de la Salud, hospitales del Partido y en el Vacunatorio Central del hospital \u201cDr. Pedro Ecay\u201d.&nbsp;<\/strong><\/p>\n\n\n\n<p>Se aplica una dosis extra o adicional, gratuita y obligatoria de las vacunas Triple viral e IPV, independientemente del estado previo de vacunaci\u00f3n del ni\u00f1o, siendo adem\u00e1s una segunda oportunidad para quienes a\u00fan no pudieron acceder a la vacuna.<\/p>\n\n\n\n<p>En ese marco, el \u00e1rea de Coordinaci\u00f3n de Programas Sanitarios complementar\u00e1 estas acciones con salidas a las escuelas, con el objetivo de completar el esquema de vacunaci\u00f3n de la poblaci\u00f3n infantil.&nbsp;<\/p>\n\n\n\n<p>Del mismo modo, solicita a las familias acercarse a los distintos puntos dispuestos para garantizar la cobertura de todo el calendario.&nbsp;<\/p>\n\n\n\n<p><strong>Los horarios de vacunaci\u00f3n en Carmen de Patagones son:&nbsp;<\/strong><\/p>\n\n\n\n<p>-Lunes a viernes de 08 a 17 horas, en el Vacunatorio Central del hospital \u201cDr. Pedro Ecay\u201d.&nbsp;<\/p>\n\n\n\n<p>&#8211; En los CAPS, de 11 a 14 horas:&nbsp;&nbsp;<\/p>\n\n\n\n<p>Lunes: barrio El Progreso<\/p>\n\n\n\n<p>Martes: barrio Lindo&nbsp;<\/p>\n\n\n\n<p>Mi\u00e9rcoles: barrio Villa Morando&nbsp;<\/p>\n\n\n\n<p>Jueves: CIC Villa Lynch<\/p>\n\n\n\n<p>Viernes: CAPS Villa Del Carmen<\/p>\n<div class=\"fb-background-color\">\n\t\t\t  <div \n\t\t\t  \tclass = \"fb-comments\" \n\t\t\t  \tdata-href = \"https:\/\/www.elpolitologoyelpolitico.com.ar\/wordpress\/2022\/10\/05\/patagones-adhiere-a-la-campana-nacional-de-vacunacion-contra-el-sarampion-la-rubeola-paperas-y-poliomielitis\/\"\n\t\t\t  \tdata-numposts = \"10\"\n\t\t\t  \tdata-lazy = \"true\"\n\t\t\t\tdata-colorscheme = \"light\"\n\t\t\t\tdata-order-by = \"social\"\n\t\t\t\tdata-mobile=true>\n\t\t\t  <\/div><\/div>\n\t\t  <style>\n\t\t    .fb-background-color {\n\t\t\t\tbackground: #ffffff !important;\n\t\t\t}\n\t\t\t.fb_iframe_widget_fluid_desktop iframe {\n\t\t\t    width: 100% !important;\n\t\t\t}\n\t\t  <\/style>\n\t\t  ","protected":false},"excerpt":{"rendered":"<p>Se puso en marcha en el Distrito la Campa\u00f1a Nacional de Vacunaci\u00f3n masiva contra el Sarampi\u00f3n, la Rubeola, Paperas y Poliomielitis 2022.&nbsp; El servicio est\u00e1 a disposici\u00f3n de padres y adultos responsables de ni\u00f1os de 13 meses a 4 a\u00f1os de edad.&nbsp; Deben concurrir con Documento Nacional de Identidad y carnet, sin necesidad de orden [&hellip;]<\/p>\n","protected":false},"author":4,"featured_media":25185,"comment_status":"closed","ping_status":"closed","sticky":false,"template":"","format":"standard","meta":{"_joinchat":[],"footnotes":""},"categories":[4],"tags":[],"class_list":["post-25184","post","type-post","status-publish","format-standard","has-post-thumbnail","hentry","category-politicas-publicas"],"_links":{"self":[{"href":"https:\/\/www.elpolitologoyelpolitico.com.ar\/wordpress\/wp-json\/wp\/v2\/posts\/25184","targetHints":{"allow":["GET"]}}],"collection":[{"href":"https:\/\/www.elpolitologoyelpolitico.com.ar\/wordpress\/wp-json\/wp\/v2\/posts"}],"about":[{"href":"https:\/\/www.elpolitologoyelpolitico.com.ar\/wordpress\/wp-json\/wp\/v2\/types\/post"}],"author":[{"embeddable":true,"href":"https:\/\/www.elpolitologoyelpolitico.com.ar\/wordpress\/wp-json\/wp\/v2\/users\/4"}],"replies":[{"embeddable":true,"href":"https:\/\/www.elpolitologoyelpolitico.com.ar\/wordpress\/wp-json\/wp\/v2\/comments?post=25184"}],"version-history":[{"count":0,"href":"https:\/\/www.elpolitologoyelpolitico.com.ar\/wordpress\/wp-json\/wp\/v2\/posts\/25184\/revisions"}],"wp:featuredmedia":[{"embeddable":true,"href":"https:\/\/www.elpolitologoyelpolitico.com.ar\/wordpress\/wp-json\/wp\/v2\/media\/25185"}],"wp:attachment":[{"href":"https:\/\/www.elpolitologoyelpolitico.com.ar\/wordpress\/wp-json\/wp\/v2\/media?parent=25184"}],"wp:term":[{"taxonomy":"category","embeddable":true,"href":"https:\/\/www.elpolitologoyelpolitico.com.ar\/wordpress\/wp-json\/wp\/v2\/categories?post=25184"},{"taxonomy":"post_tag","embeddable":true,"href":"https:\/\/www.elpolitologoyelpolitico.com.ar\/wordpress\/wp-json\/wp\/v2\/tags?post=25184"}],"curies":[{"name":"wp","href":"https:\/\/api.w.org\/{rel}","templated":true}]}}