{"id":25177,"date":"2022-10-05T02:25:08","date_gmt":"2022-10-05T02:25:08","guid":{"rendered":"https:\/\/www.elpolitologoyelpolitico.com.ar\/wordpress\/?p=25177"},"modified":"2022-10-05T02:25:47","modified_gmt":"2022-10-05T02:25:47","slug":"se-hizo-frente-a-la-lluvia-con-una-estacion-de-bombeo-fuera-de-servicio-por-vandalismo","status":"publish","type":"post","link":"https:\/\/www.elpolitologoyelpolitico.com.ar\/wordpress\/2022\/10\/05\/se-hizo-frente-a-la-lluvia-con-una-estacion-de-bombeo-fuera-de-servicio-por-vandalismo\/","title":{"rendered":"SE HIZO FRENTE A LA LLUVIA CON UNA ESTACI\u00d3N DE BOMBEO FUERA DE SERVICIO POR VANDALISMO"},"content":{"rendered":"\n<p>Se activ\u00f3 un plan de contingencia para superar los inconvenientes ocasionados por la gran cantidad de precipitaci\u00f3n registrada entre la madrugada y avanzada la tarde de este martes 4 de octubre.<\/p>\n\n\n\n<p>Los pron\u00f3sticos no anticipaban un milimetraje como el registrado.<\/p>\n\n\n\n<p>Las estaciones de bombeo respondieron con normalidad, a excepci\u00f3n de la ubicada en la intersecci\u00f3n de las calles 25 y 2, del barrio Mi Bandera, que est\u00e1 fuera de servicio como consecuencia de un severo acto de vandalismo.<\/p>\n\n\n\n<p>Las \u00e1reas de Servicios P\u00fablicos y de Defensa Civil mantienen las cuadrillas activas, a fin de atender las necesidades que vayan surgiendo.<\/p>\n\n\n\n<figure class=\"wp-block-gallery has-nested-images columns-default is-cropped wp-block-gallery-1 is-layout-flex wp-block-gallery-is-layout-flex\">\n<figure class=\"wp-block-image size-large\"><img fetchpriority=\"high\" decoding=\"async\" width=\"720\" height=\"525\" data-id=\"25180\" src=\"https:\/\/www.elpolitologoyelpolitico.com.ar\/wp-content\/uploads\/2022\/10\/IMG-20221004-WA0120.jpg\" alt=\"\" class=\"wp-image-25180\" srcset=\"https:\/\/www.elpolitologoyelpolitico.com.ar\/wp-content\/uploads\/2022\/10\/IMG-20221004-WA0120.jpg 720w, https:\/\/www.elpolitologoyelpolitico.com.ar\/wp-content\/uploads\/2022\/10\/IMG-20221004-WA0120-300x219.jpg 300w\" sizes=\"(max-width: 720px) 100vw, 720px\" \/><\/figure>\n\n\n\n<figure class=\"wp-block-image size-large\"><img decoding=\"async\" width=\"720\" height=\"370\" data-id=\"25179\" src=\"https:\/\/www.elpolitologoyelpolitico.com.ar\/wp-content\/uploads\/2022\/10\/IMG-20221004-WA0121.jpg\" alt=\"\" class=\"wp-image-25179\" srcset=\"https:\/\/www.elpolitologoyelpolitico.com.ar\/wp-content\/uploads\/2022\/10\/IMG-20221004-WA0121.jpg 720w, https:\/\/www.elpolitologoyelpolitico.com.ar\/wp-content\/uploads\/2022\/10\/IMG-20221004-WA0121-300x154.jpg 300w\" sizes=\"(max-width: 720px) 100vw, 720px\" \/><\/figure>\n\n\n\n<figure class=\"wp-block-image size-large\"><img decoding=\"async\" width=\"720\" height=\"422\" data-id=\"25181\" src=\"https:\/\/www.elpolitologoyelpolitico.com.ar\/wp-content\/uploads\/2022\/10\/IMG-20221004-WA0122.jpg\" alt=\"\" class=\"wp-image-25181\" srcset=\"https:\/\/www.elpolitologoyelpolitico.com.ar\/wp-content\/uploads\/2022\/10\/IMG-20221004-WA0122.jpg 720w, https:\/\/www.elpolitologoyelpolitico.com.ar\/wp-content\/uploads\/2022\/10\/IMG-20221004-WA0122-300x176.jpg 300w\" sizes=\"(max-width: 720px) 100vw, 720px\" \/><\/figure>\n<\/figure>\n<div class=\"fb-background-color\">\n\t\t\t  <div \n\t\t\t  \tclass = \"fb-comments\" \n\t\t\t  \tdata-href = \"https:\/\/www.elpolitologoyelpolitico.com.ar\/wordpress\/2022\/10\/05\/se-hizo-frente-a-la-lluvia-con-una-estacion-de-bombeo-fuera-de-servicio-por-vandalismo\/\"\n\t\t\t  \tdata-numposts = \"10\"\n\t\t\t  \tdata-lazy = \"true\"\n\t\t\t\tdata-colorscheme = \"light\"\n\t\t\t\tdata-order-by = \"social\"\n\t\t\t\tdata-mobile=true>\n\t\t\t  <\/div><\/div>\n\t\t  <style>\n\t\t    .fb-background-color {\n\t\t\t\tbackground: #ffffff !important;\n\t\t\t}\n\t\t\t.fb_iframe_widget_fluid_desktop iframe {\n\t\t\t    width: 100% !important;\n\t\t\t}\n\t\t  <\/style>\n\t\t  ","protected":false},"excerpt":{"rendered":"<p>Se activ\u00f3 un plan de contingencia para superar los inconvenientes ocasionados por la gran cantidad de precipitaci\u00f3n registrada entre la madrugada y avanzada la tarde de este martes 4 de octubre. Los pron\u00f3sticos no anticipaban un milimetraje como el registrado. Las estaciones de bombeo respondieron con normalidad, a excepci\u00f3n de la ubicada en la intersecci\u00f3n [&hellip;]<\/p>\n","protected":false},"author":4,"featured_media":25178,"comment_status":"closed","ping_status":"closed","sticky":false,"template":"","format":"standard","meta":{"_joinchat":[],"footnotes":""},"categories":[4],"tags":[],"class_list":["post-25177","post","type-post","status-publish","format-standard","has-post-thumbnail","hentry","category-politicas-publicas"],"_links":{"self":[{"href":"https:\/\/www.elpolitologoyelpolitico.com.ar\/wordpress\/wp-json\/wp\/v2\/posts\/25177","targetHints":{"allow":["GET"]}}],"collection":[{"href":"https:\/\/www.elpolitologoyelpolitico.com.ar\/wordpress\/wp-json\/wp\/v2\/posts"}],"about":[{"href":"https:\/\/www.elpolitologoyelpolitico.com.ar\/wordpress\/wp-json\/wp\/v2\/types\/post"}],"author":[{"embeddable":true,"href":"https:\/\/www.elpolitologoyelpolitico.com.ar\/wordpress\/wp-json\/wp\/v2\/users\/4"}],"replies":[{"embeddable":true,"href":"https:\/\/www.elpolitologoyelpolitico.com.ar\/wordpress\/wp-json\/wp\/v2\/comments?post=25177"}],"version-history":[{"count":0,"href":"https:\/\/www.elpolitologoyelpolitico.com.ar\/wordpress\/wp-json\/wp\/v2\/posts\/25177\/revisions"}],"wp:featuredmedia":[{"embeddable":true,"href":"https:\/\/www.elpolitologoyelpolitico.com.ar\/wordpress\/wp-json\/wp\/v2\/media\/25178"}],"wp:attachment":[{"href":"https:\/\/www.elpolitologoyelpolitico.com.ar\/wordpress\/wp-json\/wp\/v2\/media?parent=25177"}],"wp:term":[{"taxonomy":"category","embeddable":true,"href":"https:\/\/www.elpolitologoyelpolitico.com.ar\/wordpress\/wp-json\/wp\/v2\/categories?post=25177"},{"taxonomy":"post_tag","embeddable":true,"href":"https:\/\/www.elpolitologoyelpolitico.com.ar\/wordpress\/wp-json\/wp\/v2\/tags?post=25177"}],"curies":[{"name":"wp","href":"https:\/\/api.w.org\/{rel}","templated":true}]}}