{"id":2514,"date":"2021-05-04T16:21:50","date_gmt":"2021-05-04T16:21:50","guid":{"rendered":"https:\/\/www.elpolitologoyelpolitico.com.ar\/wordpress\/?p=2514"},"modified":"2021-05-04T16:22:46","modified_gmt":"2021-05-04T16:22:46","slug":"direccion-de-inspeccion-general-habilita-un-mail-para-recepcionar-consulta","status":"publish","type":"post","link":"https:\/\/www.elpolitologoyelpolitico.com.ar\/wordpress\/2021\/05\/04\/direccion-de-inspeccion-general-habilita-un-mail-para-recepcionar-consulta\/","title":{"rendered":"Direcci\u00f3n de inspecci\u00f3n general habilita un mail para recepcionar consulta"},"content":{"rendered":"\t\t<div data-elementor-type=\"wp-post\" data-elementor-id=\"2514\" class=\"elementor elementor-2514\">\n\t\t\t\t\t\t<section class=\"elementor-section elementor-top-section elementor-element elementor-element-390bf761 elementor-section-boxed elementor-section-height-default elementor-section-height-default\" data-id=\"390bf761\" data-element_type=\"section\" data-e-type=\"section\">\n\t\t\t\t\t\t<div class=\"elementor-container elementor-column-gap-default\">\n\t\t\t\t\t<div class=\"elementor-column elementor-col-100 elementor-top-column elementor-element elementor-element-274bc81d\" data-id=\"274bc81d\" data-element_type=\"column\" data-e-type=\"column\">\n\t\t\t<div class=\"elementor-widget-wrap elementor-element-populated\">\n\t\t\t\t\t\t<div class=\"elementor-element elementor-element-2ce750fa elementor-widget elementor-widget-text-editor\" data-id=\"2ce750fa\" data-element_type=\"widget\" data-e-type=\"widget\" data-widget_type=\"text-editor.default\">\n\t\t\t\t<div class=\"elementor-widget-container\">\n\t\t\t\t\t\t\t\t\t\n<p>La Direcci\u00f3n de Inspecci\u00f3n General de la Municipalidad de Patagones informa a la comunidad que, por un desperfecto t\u00e9cnico en la l\u00ednea telef\u00f3nica del \u00e1rea, las consultas ser\u00e1n recepcionadas desde hoy, martes 4, a trav\u00e9s del mail&nbsp;<a href=\"mailto:subsecretariadefiscalizacion@gmail.com\" target=\"_blank\" rel=\"noreferrer noopener\">subsecretariadefiscalizacion@gmail.com<\/a>.<\/p>\n\n\n\n<p>En dicha direcci\u00f3n electr\u00f3nica los vecinos pueden enviar inquietudes referidas tanto a los tr\u00e1mites para las licencias de conducir&nbsp; como comerciales.<\/p>\n\n\n\n<p>En tanto el horario de atenci\u00f3n ser\u00e1 de 07 a 13 horas.<\/p>\n\t\t\t\t\t\t\t\t<\/div>\n\t\t\t\t<\/div>\n\t\t\t\t\t<\/div>\n\t\t<\/div>\n\t\t\t\t\t<\/div>\n\t\t<\/section>\n\t\t\t\t<\/div>\n\t\t<div class=\"fb-background-color\">\n\t\t\t  <div \n\t\t\t  \tclass = \"fb-comments\" \n\t\t\t  \tdata-href = \"https:\/\/www.elpolitologoyelpolitico.com.ar\/wordpress\/2021\/05\/04\/direccion-de-inspeccion-general-habilita-un-mail-para-recepcionar-consulta\/\"\n\t\t\t  \tdata-numposts = \"10\"\n\t\t\t  \tdata-lazy = \"true\"\n\t\t\t\tdata-colorscheme = \"light\"\n\t\t\t\tdata-order-by = \"social\"\n\t\t\t\tdata-mobile=true>\n\t\t\t  <\/div><\/div>\n\t\t  <style>\n\t\t    .fb-background-color {\n\t\t\t\tbackground: #ffffff !important;\n\t\t\t}\n\t\t\t.fb_iframe_widget_fluid_desktop iframe {\n\t\t\t    width: 100% !important;\n\t\t\t}\n\t\t  <\/style>\n\t\t  ","protected":false},"excerpt":{"rendered":"<p>La Direcci\u00f3n de Inspecci\u00f3n General de la Municipalidad de Patagones informa a la comunidad que, por un desperfecto t\u00e9cnico en la l\u00ednea telef\u00f3nica del \u00e1rea, las consultas ser\u00e1n recepcionadas desde hoy, martes 4, a trav\u00e9s del mail&nbsp;subsecretariadefiscalizacion@gmail.com. En dicha direcci\u00f3n electr\u00f3nica los vecinos pueden enviar inquietudes referidas tanto a los tr\u00e1mites para las licencias de [&hellip;]<\/p>\n","protected":false},"author":4,"featured_media":2515,"comment_status":"closed","ping_status":"closed","sticky":false,"template":"","format":"standard","meta":{"_joinchat":[],"footnotes":""},"categories":[39],"tags":[],"class_list":["post-2514","post","type-post","status-publish","format-standard","has-post-thumbnail","hentry","category-en-esta-seccion"],"_links":{"self":[{"href":"https:\/\/www.elpolitologoyelpolitico.com.ar\/wordpress\/wp-json\/wp\/v2\/posts\/2514","targetHints":{"allow":["GET"]}}],"collection":[{"href":"https:\/\/www.elpolitologoyelpolitico.com.ar\/wordpress\/wp-json\/wp\/v2\/posts"}],"about":[{"href":"https:\/\/www.elpolitologoyelpolitico.com.ar\/wordpress\/wp-json\/wp\/v2\/types\/post"}],"author":[{"embeddable":true,"href":"https:\/\/www.elpolitologoyelpolitico.com.ar\/wordpress\/wp-json\/wp\/v2\/users\/4"}],"replies":[{"embeddable":true,"href":"https:\/\/www.elpolitologoyelpolitico.com.ar\/wordpress\/wp-json\/wp\/v2\/comments?post=2514"}],"version-history":[{"count":0,"href":"https:\/\/www.elpolitologoyelpolitico.com.ar\/wordpress\/wp-json\/wp\/v2\/posts\/2514\/revisions"}],"wp:featuredmedia":[{"embeddable":true,"href":"https:\/\/www.elpolitologoyelpolitico.com.ar\/wordpress\/wp-json\/wp\/v2\/media\/2515"}],"wp:attachment":[{"href":"https:\/\/www.elpolitologoyelpolitico.com.ar\/wordpress\/wp-json\/wp\/v2\/media?parent=2514"}],"wp:term":[{"taxonomy":"category","embeddable":true,"href":"https:\/\/www.elpolitologoyelpolitico.com.ar\/wordpress\/wp-json\/wp\/v2\/categories?post=2514"},{"taxonomy":"post_tag","embeddable":true,"href":"https:\/\/www.elpolitologoyelpolitico.com.ar\/wordpress\/wp-json\/wp\/v2\/tags?post=2514"}],"curies":[{"name":"wp","href":"https:\/\/api.w.org\/{rel}","templated":true}]}}