{"id":25122,"date":"2022-10-04T13:07:21","date_gmt":"2022-10-04T13:07:21","guid":{"rendered":"https:\/\/www.elpolitologoyelpolitico.com.ar\/wordpress\/?p=25122"},"modified":"2022-10-04T13:29:15","modified_gmt":"2022-10-04T13:29:15","slug":"el-deliberante-prorroga-el-plazo-de-inscripcion-para-juez-y-secretario-de-faltas","status":"publish","type":"post","link":"https:\/\/www.elpolitologoyelpolitico.com.ar\/wordpress\/2022\/10\/04\/el-deliberante-prorroga-el-plazo-de-inscripcion-para-juez-y-secretario-de-faltas\/","title":{"rendered":"El Deliberante prorroga el plazo de inscripci\u00f3n para Juez y Secretario de Faltas"},"content":{"rendered":"\n<p>El Deliberante prorroga el plazo de inscripci\u00f3n para Juez y Secretario de Faltas<\/p>\n\n\n\n<p>Atento al feriado previsto para el d\u00eda 7 de octubre del a\u00f1o 2022 el Concejo Deliberante de Viedma, informa la pr\u00f3rroga del vencimiento de inscripci\u00f3n de los y las aspirantes a cubrir los cargos de Juez\/a Administrativo\/a de Faltas y Secretario\/a Letrado\/a del Juzgado de Faltas Municipal.<\/p>\n\n\n\n<p>Este lunes, mediante Resoluci\u00f3n de Presidencia N\u00b0 255\/22, se fij\u00f3 una nueva fecha para el cierre del per\u00edodo de inscripci\u00f3n siendo \u00e9sta, para las dos primeras horas del d\u00eda 11 de octubre del corriente.<\/p>\n\n\n\n<p>Cabe se\u00f1alar que el plazo de inscripci\u00f3n para concursar para los cargos de Juez\/a de Faltas Municipal y Secretario\/a Letrado\/a del Juzgado de Faltas, comenz\u00f3 el pasado 8 de septiembre y estaba previsto su cierre el 7 de octubre.<\/p>\n\n\n\n<p>Aquellos interesados podr\u00e1n retirar los requisitos en el edificio del cuerpo legislativo municipal -calle Buenos Aires 320- de lunes a viernes 7.30 a 13.30, o descargarlos desde el link <a href=\"https:\/\/concejoviedma.gov.ar\/contenido\/institucional\/10\/juez-de-faltas-municipal-y-secretario-letrado-del-juzgado-de-faltas.html\">https:\/\/concejoviedma.gov.ar\/contenido\/institucional\/10\/juez-de-faltas-municipal-y-secretario-letrado-del-juzgado-de-faltas.html<\/a><\/p>\n\n\n\n<p>Para presentar toda la informaci\u00f3n requerida deber\u00e1n dirigirse en persona y con toda la documentaci\u00f3n correspondiente a la Direcci\u00f3n de Asesor\u00eda Legal y T\u00e9cnica del Deliberante \u2013tambi\u00e9n en calle Buenos Aires 320-, de lunes a viernes, de 9 a 13 horas.<\/p>\n<div class=\"fb-background-color\">\n\t\t\t  <div \n\t\t\t  \tclass = \"fb-comments\" \n\t\t\t  \tdata-href = \"https:\/\/www.elpolitologoyelpolitico.com.ar\/wordpress\/2022\/10\/04\/el-deliberante-prorroga-el-plazo-de-inscripcion-para-juez-y-secretario-de-faltas\/\"\n\t\t\t  \tdata-numposts = \"10\"\n\t\t\t  \tdata-lazy = \"true\"\n\t\t\t\tdata-colorscheme = \"light\"\n\t\t\t\tdata-order-by = \"social\"\n\t\t\t\tdata-mobile=true>\n\t\t\t  <\/div><\/div>\n\t\t  <style>\n\t\t    .fb-background-color {\n\t\t\t\tbackground: #ffffff !important;\n\t\t\t}\n\t\t\t.fb_iframe_widget_fluid_desktop iframe {\n\t\t\t    width: 100% !important;\n\t\t\t}\n\t\t  <\/style>\n\t\t  ","protected":false},"excerpt":{"rendered":"<p>El Deliberante prorroga el plazo de inscripci\u00f3n para Juez y Secretario de Faltas Atento al feriado previsto para el d\u00eda 7 de octubre del a\u00f1o 2022 el Concejo Deliberante de Viedma, informa la pr\u00f3rroga del vencimiento de inscripci\u00f3n de los y las aspirantes a cubrir los cargos de Juez\/a Administrativo\/a de Faltas y Secretario\/a Letrado\/a [&hellip;]<\/p>\n","protected":false},"author":4,"featured_media":25123,"comment_status":"closed","ping_status":"closed","sticky":false,"template":"","format":"standard","meta":{"_joinchat":[],"footnotes":""},"categories":[39],"tags":[],"class_list":["post-25122","post","type-post","status-publish","format-standard","has-post-thumbnail","hentry","category-en-esta-seccion"],"_links":{"self":[{"href":"https:\/\/www.elpolitologoyelpolitico.com.ar\/wordpress\/wp-json\/wp\/v2\/posts\/25122","targetHints":{"allow":["GET"]}}],"collection":[{"href":"https:\/\/www.elpolitologoyelpolitico.com.ar\/wordpress\/wp-json\/wp\/v2\/posts"}],"about":[{"href":"https:\/\/www.elpolitologoyelpolitico.com.ar\/wordpress\/wp-json\/wp\/v2\/types\/post"}],"author":[{"embeddable":true,"href":"https:\/\/www.elpolitologoyelpolitico.com.ar\/wordpress\/wp-json\/wp\/v2\/users\/4"}],"replies":[{"embeddable":true,"href":"https:\/\/www.elpolitologoyelpolitico.com.ar\/wordpress\/wp-json\/wp\/v2\/comments?post=25122"}],"version-history":[{"count":0,"href":"https:\/\/www.elpolitologoyelpolitico.com.ar\/wordpress\/wp-json\/wp\/v2\/posts\/25122\/revisions"}],"wp:featuredmedia":[{"embeddable":true,"href":"https:\/\/www.elpolitologoyelpolitico.com.ar\/wordpress\/wp-json\/wp\/v2\/media\/25123"}],"wp:attachment":[{"href":"https:\/\/www.elpolitologoyelpolitico.com.ar\/wordpress\/wp-json\/wp\/v2\/media?parent=25122"}],"wp:term":[{"taxonomy":"category","embeddable":true,"href":"https:\/\/www.elpolitologoyelpolitico.com.ar\/wordpress\/wp-json\/wp\/v2\/categories?post=25122"},{"taxonomy":"post_tag","embeddable":true,"href":"https:\/\/www.elpolitologoyelpolitico.com.ar\/wordpress\/wp-json\/wp\/v2\/tags?post=25122"}],"curies":[{"name":"wp","href":"https:\/\/api.w.org\/{rel}","templated":true}]}}