{"id":25117,"date":"2022-10-04T02:14:46","date_gmt":"2022-10-04T02:14:46","guid":{"rendered":"https:\/\/www.elpolitologoyelpolitico.com.ar\/wordpress\/?p=25117"},"modified":"2022-10-04T02:15:22","modified_gmt":"2022-10-04T02:15:22","slug":"viedma-tendra-su-monumento-a-la-biblia","status":"publish","type":"post","link":"https:\/\/www.elpolitologoyelpolitico.com.ar\/wordpress\/2022\/10\/04\/viedma-tendra-su-monumento-a-la-biblia\/","title":{"rendered":"Viedma tendr\u00e1 su monumento a la Biblia"},"content":{"rendered":"\n<p>En el d\u00eda de hoy, la Concejal Silbana Cullumilla recibi\u00f3 a los miembros de la Iglesia Evang\u00e9lica \u201cCongregaci\u00f3n Cristiana Viedma\u201d y \u201cBethel Viedma\u201d, con quienes trabajaron en la ordenanza que declara el 27 de septiembre como \u201cD\u00eda de la Biblia\u201d.<\/p>\n\n\n\n<p>Adem\u00e1s, establecieron un espacio para dicho monumento y conversaron sobre la situaci\u00f3n en la Ciudad y el trabajo en los distintos barrios.<\/p>\n<div class=\"fb-background-color\">\n\t\t\t  <div \n\t\t\t  \tclass = \"fb-comments\" \n\t\t\t  \tdata-href = \"https:\/\/www.elpolitologoyelpolitico.com.ar\/wordpress\/2022\/10\/04\/viedma-tendra-su-monumento-a-la-biblia\/\"\n\t\t\t  \tdata-numposts = \"10\"\n\t\t\t  \tdata-lazy = \"true\"\n\t\t\t\tdata-colorscheme = \"light\"\n\t\t\t\tdata-order-by = \"social\"\n\t\t\t\tdata-mobile=true>\n\t\t\t  <\/div><\/div>\n\t\t  <style>\n\t\t    .fb-background-color {\n\t\t\t\tbackground: #ffffff !important;\n\t\t\t}\n\t\t\t.fb_iframe_widget_fluid_desktop iframe {\n\t\t\t    width: 100% !important;\n\t\t\t}\n\t\t  <\/style>\n\t\t  ","protected":false},"excerpt":{"rendered":"<p>En el d\u00eda de hoy, la Concejal Silbana Cullumilla recibi\u00f3 a los miembros de la Iglesia Evang\u00e9lica \u201cCongregaci\u00f3n Cristiana Viedma\u201d y \u201cBethel Viedma\u201d, con quienes trabajaron en la ordenanza que declara el 27 de septiembre como \u201cD\u00eda de la Biblia\u201d. Adem\u00e1s, establecieron un espacio para dicho monumento y conversaron sobre la situaci\u00f3n en la Ciudad [&hellip;]<\/p>\n","protected":false},"author":4,"featured_media":25119,"comment_status":"closed","ping_status":"closed","sticky":false,"template":"","format":"standard","meta":{"_joinchat":[],"footnotes":""},"categories":[39],"tags":[],"class_list":["post-25117","post","type-post","status-publish","format-standard","has-post-thumbnail","hentry","category-en-esta-seccion"],"_links":{"self":[{"href":"https:\/\/www.elpolitologoyelpolitico.com.ar\/wordpress\/wp-json\/wp\/v2\/posts\/25117","targetHints":{"allow":["GET"]}}],"collection":[{"href":"https:\/\/www.elpolitologoyelpolitico.com.ar\/wordpress\/wp-json\/wp\/v2\/posts"}],"about":[{"href":"https:\/\/www.elpolitologoyelpolitico.com.ar\/wordpress\/wp-json\/wp\/v2\/types\/post"}],"author":[{"embeddable":true,"href":"https:\/\/www.elpolitologoyelpolitico.com.ar\/wordpress\/wp-json\/wp\/v2\/users\/4"}],"replies":[{"embeddable":true,"href":"https:\/\/www.elpolitologoyelpolitico.com.ar\/wordpress\/wp-json\/wp\/v2\/comments?post=25117"}],"version-history":[{"count":0,"href":"https:\/\/www.elpolitologoyelpolitico.com.ar\/wordpress\/wp-json\/wp\/v2\/posts\/25117\/revisions"}],"wp:featuredmedia":[{"embeddable":true,"href":"https:\/\/www.elpolitologoyelpolitico.com.ar\/wordpress\/wp-json\/wp\/v2\/media\/25119"}],"wp:attachment":[{"href":"https:\/\/www.elpolitologoyelpolitico.com.ar\/wordpress\/wp-json\/wp\/v2\/media?parent=25117"}],"wp:term":[{"taxonomy":"category","embeddable":true,"href":"https:\/\/www.elpolitologoyelpolitico.com.ar\/wordpress\/wp-json\/wp\/v2\/categories?post=25117"},{"taxonomy":"post_tag","embeddable":true,"href":"https:\/\/www.elpolitologoyelpolitico.com.ar\/wordpress\/wp-json\/wp\/v2\/tags?post=25117"}],"curies":[{"name":"wp","href":"https:\/\/api.w.org\/{rel}","templated":true}]}}