{"id":25113,"date":"2022-10-04T02:05:01","date_gmt":"2022-10-04T02:05:01","guid":{"rendered":"https:\/\/www.elpolitologoyelpolitico.com.ar\/wordpress\/?p=25113"},"modified":"2022-10-04T02:05:42","modified_gmt":"2022-10-04T02:05:42","slug":"catriel-sera-sede-de-las-capacitaciones-audiciones-rumbo-a-cosquin-2023","status":"publish","type":"post","link":"https:\/\/www.elpolitologoyelpolitico.com.ar\/wordpress\/2022\/10\/04\/catriel-sera-sede-de-las-capacitaciones-audiciones-rumbo-a-cosquin-2023\/","title":{"rendered":"Catriel ser\u00e1 sede de las capacitaciones-audiciones rumbo a Cosqu\u00edn 2023"},"content":{"rendered":"\n<p>El Gobierno de R\u00edo Negro a trav\u00e9s de la Secretar\u00eda de Estado de Cultura contin\u00faa con el dictado de capacitaciones de Danzas Folkl\u00f3ricas y otras t\u00e9cnicas en diferentes puntos de la provincia.<\/p>\n\n\n\n<p>Ya son cuatro las localidades en las que se reunieron los y las veedoras de las capacitaciones por la conformaci\u00f3n de la delegaci\u00f3n rionegrina oficial que viajar\u00e1 a Cosqu\u00edn a cumplir el sue\u00f1o de presentarse en el gran escenario Atahualpa Yupanqui en enero de 2023.<\/p>\n\n\n\n<p>En esta ocasi\u00f3n, quienes participen en el \u201cCampeonato de Malambo Femenino\u201d Sede R\u00edo Negro que se har\u00e1 en Catriel el s\u00e1bado 8 de octubre, podr\u00e1n anotarse all\u00ed mismo y ser evaluadas en su presentaci\u00f3n, o participar de la audici\u00f3n de 17 a 20 hs en el Espacio Cultural Roberto S\u00e1nchez Carrillo.<\/p>\n\n\n\n<p>Las personas que no participen del certamen pero deseen hacerlo en las audiciones, deber\u00e1n completar la planilla de inscripci\u00f3n y presentarse en el mismo espacio a las 17 hs del s\u00e1bado 8. En ambos casos se indica llevar un pa\u00f1uelo grande.<\/p>\n\n\n\n<p>Los formularios de inscripci\u00f3n se encuentran disponibles para todos los casos en la web, y quienes lo deseen pueden participar adem\u00e1s en las audiciones virtuales para la que deber\u00e1n enviar en un solo mail a culturarnfolklore@gmail.com un video de tres minutos como m\u00e1ximo, CV, foto de DNI de ambos lados y las bases y condiciones firmadas, disponibles en cultura.rionegro.gov.ar<\/p>\n\n\n\n<p>De esta manera, sigue el trabajo de fortalecimiento cultural identitario rionegrino y capacitaci\u00f3n continua para todos los hacedores y hacedoras culturales de la provincia.<\/p>\n\n\n\n<p><\/p>\n<div class=\"fb-background-color\">\n\t\t\t  <div \n\t\t\t  \tclass = \"fb-comments\" \n\t\t\t  \tdata-href = \"https:\/\/www.elpolitologoyelpolitico.com.ar\/wordpress\/2022\/10\/04\/catriel-sera-sede-de-las-capacitaciones-audiciones-rumbo-a-cosquin-2023\/\"\n\t\t\t  \tdata-numposts = \"10\"\n\t\t\t  \tdata-lazy = \"true\"\n\t\t\t\tdata-colorscheme = \"light\"\n\t\t\t\tdata-order-by = \"social\"\n\t\t\t\tdata-mobile=true>\n\t\t\t  <\/div><\/div>\n\t\t  <style>\n\t\t    .fb-background-color {\n\t\t\t\tbackground: #ffffff !important;\n\t\t\t}\n\t\t\t.fb_iframe_widget_fluid_desktop iframe {\n\t\t\t    width: 100% !important;\n\t\t\t}\n\t\t  <\/style>\n\t\t  ","protected":false},"excerpt":{"rendered":"<p>El Gobierno de R\u00edo Negro a trav\u00e9s de la Secretar\u00eda de Estado de Cultura contin\u00faa con el dictado de capacitaciones de Danzas Folkl\u00f3ricas y otras t\u00e9cnicas en diferentes puntos de la provincia. Ya son cuatro las localidades en las que se reunieron los y las veedoras de las capacitaciones por la conformaci\u00f3n de la delegaci\u00f3n [&hellip;]<\/p>\n","protected":false},"author":4,"featured_media":25114,"comment_status":"closed","ping_status":"closed","sticky":false,"template":"","format":"standard","meta":{"_joinchat":[],"footnotes":""},"categories":[39],"tags":[],"class_list":["post-25113","post","type-post","status-publish","format-standard","has-post-thumbnail","hentry","category-en-esta-seccion"],"_links":{"self":[{"href":"https:\/\/www.elpolitologoyelpolitico.com.ar\/wordpress\/wp-json\/wp\/v2\/posts\/25113","targetHints":{"allow":["GET"]}}],"collection":[{"href":"https:\/\/www.elpolitologoyelpolitico.com.ar\/wordpress\/wp-json\/wp\/v2\/posts"}],"about":[{"href":"https:\/\/www.elpolitologoyelpolitico.com.ar\/wordpress\/wp-json\/wp\/v2\/types\/post"}],"author":[{"embeddable":true,"href":"https:\/\/www.elpolitologoyelpolitico.com.ar\/wordpress\/wp-json\/wp\/v2\/users\/4"}],"replies":[{"embeddable":true,"href":"https:\/\/www.elpolitologoyelpolitico.com.ar\/wordpress\/wp-json\/wp\/v2\/comments?post=25113"}],"version-history":[{"count":0,"href":"https:\/\/www.elpolitologoyelpolitico.com.ar\/wordpress\/wp-json\/wp\/v2\/posts\/25113\/revisions"}],"wp:featuredmedia":[{"embeddable":true,"href":"https:\/\/www.elpolitologoyelpolitico.com.ar\/wordpress\/wp-json\/wp\/v2\/media\/25114"}],"wp:attachment":[{"href":"https:\/\/www.elpolitologoyelpolitico.com.ar\/wordpress\/wp-json\/wp\/v2\/media?parent=25113"}],"wp:term":[{"taxonomy":"category","embeddable":true,"href":"https:\/\/www.elpolitologoyelpolitico.com.ar\/wordpress\/wp-json\/wp\/v2\/categories?post=25113"},{"taxonomy":"post_tag","embeddable":true,"href":"https:\/\/www.elpolitologoyelpolitico.com.ar\/wordpress\/wp-json\/wp\/v2\/tags?post=25113"}],"curies":[{"name":"wp","href":"https:\/\/api.w.org\/{rel}","templated":true}]}}