{"id":25097,"date":"2022-10-03T17:35:03","date_gmt":"2022-10-03T17:35:03","guid":{"rendered":"https:\/\/www.elpolitologoyelpolitico.com.ar\/wordpress\/?p=25097"},"modified":"2022-10-03T17:35:39","modified_gmt":"2022-10-03T17:35:39","slug":"provincia-presento-6-proyectos-de-mi-voto-cerca-en-el-juzgado-federal","status":"publish","type":"post","link":"https:\/\/www.elpolitologoyelpolitico.com.ar\/wordpress\/2022\/10\/03\/provincia-presento-6-proyectos-de-mi-voto-cerca-en-el-juzgado-federal\/","title":{"rendered":"Provincia present\u00f3 6 proyectos de \u00abMi voto, cerca\u00bb en el Juzgado Federal"},"content":{"rendered":"\n<p>La Direcci\u00f3n de Asuntos Electorales, dependiente del Ministerio de Gobierno y Comunidad, present\u00f3 en el Juzgado Federal de Viedma 6 proyectos de la primera etapa del programa \u00abMi voto, cerca\u00bb. Corresponden a los municipios de San Antonio Oeste, Allen, Cinco Saltos, Catriel, El Bols\u00f3n y Villa Regina.<\/p>\n\n\n\n<p>En referencia al desarrollo del programa impulsado por la Gobernadora Arabela Carreras, el ministro de Gobierno y Comunidad, Rodrigo Buteler, destac\u00f3 que \u00ablos procesos electorales en 2023 ser\u00e1n mucho m\u00e1s \u00e1giles y m\u00e1s transparentes, evitando grandes filas de espera en los establecimientos, porque cada vecino podr\u00e1 trasladarse por su propia cuenta para votar cerca de su casa\u00bb.<\/p>\n\n\n\n<p>El pr\u00f3ximo paso es aguardar que los proyectos presentados sean aprobados por la C\u00e1mara Nacional Electoral, mientras contin\u00faa avanzando el programa provincial con la segunda etapa, en la que ser\u00e1n incorporados otros 13 municipios.<\/p>\n\n\n\n<p>\u00abDe esta manera concluimos la primera etapa de la implementaci\u00f3n del sistema de voto parroquial, por lo que en las elecciones de 2023 las y los vecinos de \u00e9stos seis municipios podr\u00e1n votar en el establecimiento m\u00e1s cercano a su domicilio\u00bb, detall\u00f3 la directora de Asuntos Electorales, Yisel Bijarra.<\/p>\n\n\n\n<p>\u00abLas premisas son que no haya ciudadanos de primera ni de segunda, que todas y todos tengas garantizados sus derechos sin importar d\u00f3nde vivan y que tengamos procesos electorales m\u00e1s democr\u00e1ticos, sin viejas pr\u00e1cticas como el &#8216;acarrero de votantes'\u00bb, agreg\u00f3 la funcionaria.<\/p>\n\n\n\n<p>El objetivo de \u00abMi voto, cerca\u00bb es que, en 2023, el 93% del electorado en R\u00edo Negro tenga garantizado el ejercicio del derecho a sufragar en cercan\u00eda al domicilio. El 7% restante corresponde a las Comisiones de Fomento, donde no se requiere el sistema, ya que se vota en la \u00fanica escuela que posee cada una.<\/p>\n<div class=\"fb-background-color\">\n\t\t\t  <div \n\t\t\t  \tclass = \"fb-comments\" \n\t\t\t  \tdata-href = \"https:\/\/www.elpolitologoyelpolitico.com.ar\/wordpress\/2022\/10\/03\/provincia-presento-6-proyectos-de-mi-voto-cerca-en-el-juzgado-federal\/\"\n\t\t\t  \tdata-numposts = \"10\"\n\t\t\t  \tdata-lazy = \"true\"\n\t\t\t\tdata-colorscheme = \"light\"\n\t\t\t\tdata-order-by = \"social\"\n\t\t\t\tdata-mobile=true>\n\t\t\t  <\/div><\/div>\n\t\t  <style>\n\t\t    .fb-background-color {\n\t\t\t\tbackground: #ffffff !important;\n\t\t\t}\n\t\t\t.fb_iframe_widget_fluid_desktop iframe {\n\t\t\t    width: 100% !important;\n\t\t\t}\n\t\t  <\/style>\n\t\t  ","protected":false},"excerpt":{"rendered":"<p>La Direcci\u00f3n de Asuntos Electorales, dependiente del Ministerio de Gobierno y Comunidad, present\u00f3 en el Juzgado Federal de Viedma 6 proyectos de la primera etapa del programa \u00abMi voto, cerca\u00bb. Corresponden a los municipios de San Antonio Oeste, Allen, Cinco Saltos, Catriel, El Bols\u00f3n y Villa Regina. En referencia al desarrollo del programa impulsado por [&hellip;]<\/p>\n","protected":false},"author":4,"featured_media":25098,"comment_status":"closed","ping_status":"closed","sticky":false,"template":"","format":"standard","meta":{"_joinchat":[],"footnotes":""},"categories":[4],"tags":[],"class_list":["post-25097","post","type-post","status-publish","format-standard","has-post-thumbnail","hentry","category-politicas-publicas"],"_links":{"self":[{"href":"https:\/\/www.elpolitologoyelpolitico.com.ar\/wordpress\/wp-json\/wp\/v2\/posts\/25097","targetHints":{"allow":["GET"]}}],"collection":[{"href":"https:\/\/www.elpolitologoyelpolitico.com.ar\/wordpress\/wp-json\/wp\/v2\/posts"}],"about":[{"href":"https:\/\/www.elpolitologoyelpolitico.com.ar\/wordpress\/wp-json\/wp\/v2\/types\/post"}],"author":[{"embeddable":true,"href":"https:\/\/www.elpolitologoyelpolitico.com.ar\/wordpress\/wp-json\/wp\/v2\/users\/4"}],"replies":[{"embeddable":true,"href":"https:\/\/www.elpolitologoyelpolitico.com.ar\/wordpress\/wp-json\/wp\/v2\/comments?post=25097"}],"version-history":[{"count":0,"href":"https:\/\/www.elpolitologoyelpolitico.com.ar\/wordpress\/wp-json\/wp\/v2\/posts\/25097\/revisions"}],"wp:featuredmedia":[{"embeddable":true,"href":"https:\/\/www.elpolitologoyelpolitico.com.ar\/wordpress\/wp-json\/wp\/v2\/media\/25098"}],"wp:attachment":[{"href":"https:\/\/www.elpolitologoyelpolitico.com.ar\/wordpress\/wp-json\/wp\/v2\/media?parent=25097"}],"wp:term":[{"taxonomy":"category","embeddable":true,"href":"https:\/\/www.elpolitologoyelpolitico.com.ar\/wordpress\/wp-json\/wp\/v2\/categories?post=25097"},{"taxonomy":"post_tag","embeddable":true,"href":"https:\/\/www.elpolitologoyelpolitico.com.ar\/wordpress\/wp-json\/wp\/v2\/tags?post=25097"}],"curies":[{"name":"wp","href":"https:\/\/api.w.org\/{rel}","templated":true}]}}