{"id":25093,"date":"2022-10-03T15:35:34","date_gmt":"2022-10-03T15:35:34","guid":{"rendered":"https:\/\/www.elpolitologoyelpolitico.com.ar\/wordpress\/?p=25093"},"modified":"2022-10-03T15:36:14","modified_gmt":"2022-10-03T15:36:14","slug":"la-fiesta-de-la-soberania-patagonica-provincial-conocida-como-la-fiesta-del-7-de-marzo-va-por-su-reconocimiento-nacional","status":"publish","type":"post","link":"https:\/\/www.elpolitologoyelpolitico.com.ar\/wordpress\/2022\/10\/03\/la-fiesta-de-la-soberania-patagonica-provincial-conocida-como-la-fiesta-del-7-de-marzo-va-por-su-reconocimiento-nacional\/","title":{"rendered":"La Fiesta de la Soberan\u00eda Patag\u00f3nica Provincial conocida como \u201cLa Fiesta del 7 de marzo\u201d va por su Reconocimiento Nacional"},"content":{"rendered":"\n<p>Tiene media sanci\u00f3n el Proyecto de Ley que declara la \u201cFiesta de la soberan\u00eda Patag\u00f3nica Provincial\u201d e instituyendo el 7 de Marzo como \u201cD\u00eda de la Soberan\u00eda Patag\u00f3nica\u201d&nbsp;&nbsp;<\/p>\n\n\n\n<p>Con el impulso del Diputado Provincial Emiliano Balb\u00edn, el d\u00eda jueves 29 se dio media sanci\u00f3n, por unanimidad, al Proyecto de Ley que declara \u201cFiesta de la soberan\u00eda Patag\u00f3nica\u201d Provincial e instituyendo el 7 de Marzo como \u201cD\u00eda de la Soberan\u00eda Patag\u00f3nica\u201d.&nbsp;&nbsp;<\/p>\n\n\n\n<p>En el mes de marzo se aprob\u00f3 por unanimidad de Ediles la resoluci\u00f3n que expresaba la necesidad de que la Gesta del 7 de Marzo sea reconocida a nivel nacional, d\u00e1ndole la misma jerarqu\u00eda e importancia que otros acontecimientos hist\u00f3ricos en los que se defendi\u00f3 la Soberan\u00eda Nacional, y por ello se solicit\u00f3 a la Honorable C\u00e1mara de Diputados de la Naci\u00f3n, a la Honorable C\u00e1mara de Senadores de la Naci\u00f3n, como as\u00ed tambi\u00e9n a la C\u00e1mara de Diputados de la Provincia de Buenos Aires y a la C\u00e1mara de Senadores de la Provincia de Buenos Aires,&nbsp; el reconocimiento del 7 de Marzo de 1827 como acontecimiento hist\u00f3rico nacional y fecha patria.&nbsp;<\/p>\n\n\n\n<p>Desde hace casi doscientos a\u00f1os, cada 7 de Marzo celebramos la gloriosa gesta en la que el pueblo del partido de Patagones en armas, derrot\u00f3 a una expedici\u00f3n militar del Imperio del Brasil. Actualmente la Fiesta de la Soberan\u00eda Patag\u00f3nica.<\/p>\n\n\n\n<p>Y celebramos porque aquel 7 de marzo de 1827 se reafirm\u00f3 al partido de Patagones como el baluarte de nuestra soberan\u00eda en la Patagonia, el centinela de nuestros derechos y el custodio de nuestro patrimonio en los mares australes. Desde entonces el pueblo Maragato a trav\u00e9s de sus representantes, ha peregrinado por lograr este reconocimiento que con la media sanci\u00f3n de esta ley comienza a cristalizarse.&nbsp;<\/p>\n\n\n\n<p>El Proyecto de Ley que unifico los dos pedidos expresa:&nbsp;<\/p>\n\n\n\n<p>\u201cVuestra Comisi\u00f3n de ASUNTOS REGIONALES Y DEL INTERIOR ha considerado el expediente N\u00ba D-1705\/22-23-0 PROYECTO DE LEY, presentando por el\/la Diputado\/a BALBIN EMILIANO, MODIFICACION DE LA LEY 12918, DENOMINADO \u201cFIESTA PROVINCIAL DE LA SOBERANIA PATAGONICA\u201d, A LA CONMEMORACION DE LA GESTA PATRIOTICA ACONTECIDA EL 7 DE MARZO DE 1827 EN LA CIUDAD DE CARMEN DE PATAGONES y el expediente N\u00ba D-1846\/22-23-0 PROYECTO DE LEY presentado por el\/la Diputado\/a CAMPBELL ALEXANDE MALCOLM, INSTITUYENDO EL \u201cDIA DE LA SOBERANIA PATAGONICA\u201d, QUE TENDRA LUGAR EL 7 DE MARZO DE CADA A\u00d1O EN CONSONANCIA CON LA FIESTA DE LA SOBERANIA PATAGONICA QUE SE DESARROLLA EN LA LOCALIDAD DE CARMEN DE PATAGONES, y por los fundamentos que se exponen a continuaci\u00f3n os aconseja su APROBACION CON MODIFICACIONES, UNIFICANDOSE, de acuerdo al siguiente texto:&nbsp;<\/p>\n\n\n\n<p>&nbsp;&nbsp;&nbsp;&nbsp;&nbsp;&nbsp;&nbsp;&nbsp;&nbsp;&nbsp;&nbsp;&nbsp;&nbsp;&nbsp;&nbsp;&nbsp;&nbsp;&nbsp;&nbsp;&nbsp;&nbsp;&nbsp;&nbsp;&nbsp;&nbsp;&nbsp;&nbsp;&nbsp;&nbsp;&nbsp;&nbsp;&nbsp;&nbsp;&nbsp;&nbsp;&nbsp;&nbsp;&nbsp;&nbsp;&nbsp;PROYECTO DE LEY<\/p>\n\n\n\n<p>EL SENADO Y CAMARA DE DIPUTADOS DE LA PROVINCIA<\/p>\n\n\n\n<p>&nbsp;&nbsp;&nbsp;&nbsp;&nbsp;&nbsp;&nbsp;DE BUENOS AIRES, SANCIONAN CON FUERZA DE<\/p>\n\n\n\n<p>&nbsp;&nbsp;&nbsp;&nbsp;&nbsp;&nbsp;&nbsp;&nbsp;&nbsp;&nbsp;&nbsp;&nbsp;&nbsp;&nbsp;&nbsp;&nbsp;&nbsp;&nbsp;&nbsp;&nbsp;&nbsp;&nbsp;&nbsp;&nbsp;&nbsp;&nbsp;&nbsp;&nbsp;&nbsp;&nbsp;&nbsp;&nbsp;&nbsp;&nbsp;&nbsp;&nbsp;&nbsp;&nbsp;&nbsp;&nbsp;&nbsp;&nbsp;&nbsp;&nbsp;&nbsp;&nbsp;&nbsp;&nbsp;&nbsp;&nbsp;&nbsp;&nbsp;LEY<\/p>\n\n\n\n<p>ARTICULO 1\u00ba: Modif\u00edquese el ARTICULO 1\u00ba de la Ley N\u00ba 1918, el cual quedar\u00e1 redactado de la siguiente manera:&nbsp;<\/p>\n\n\n\n<p>\u201cARTICULO 1\u00ba:&nbsp; Decl\u00e1rese \u201cFiesta Provincial de la Soberan\u00eda Patag\u00f3nica\u201d a los eventos realizados anualmente en la Ciudad de Carmen de Patagones, en conmemoraci\u00f3n de la Gesta Patri\u00f3tica acontecida el 7 de Marzo de 1827\u201d.<\/p>\n\n\n\n<p>ARTICULO 2\u00ba: Sustit\u00fayase el ARTICULO 2\u00ba de la Ley N\u00ba 12918, el cual quedar\u00e1 redactado de la siguiente manera.<\/p>\n\n\n\n<p>\u201cARTICULO 2\u00ba:&nbsp; Facultase al Poder Ejecutivo, a trav\u00e9s de sus organismos competentes, a que adopte medidas necesarias para incluir la fecha en el calendario tur\u00edstico provincial realizando acciones de promoci\u00f3n y difusi\u00f3n.\u201d<\/p>\n\n\n\n<p>FUNDAMENTOS<\/p>\n\n\n\n<p>\u201cDel estudio pormenorizado de las iniciativas puestas a consideraci\u00f3n, los miembros de la comisi\u00f3n decidieron aprobar con modificaciones y unificar los proyectos manteniendo los criterios vertidos por Diputados autores de ambos proyectos, que son expresados en forma com\u00fan en ambas iniciativas, las cuales resultan complementarias y comparten la menci\u00f3n a los mismos hechos hist\u00f3ricos en ambos proyectos, por lo que se propone la unificaci\u00f3n de los expedientes y la redacci\u00f3n de un nuevo texto\u201d.&nbsp;<\/p>\n<div class=\"fb-background-color\">\n\t\t\t  <div \n\t\t\t  \tclass = \"fb-comments\" \n\t\t\t  \tdata-href = \"https:\/\/www.elpolitologoyelpolitico.com.ar\/wordpress\/2022\/10\/03\/la-fiesta-de-la-soberania-patagonica-provincial-conocida-como-la-fiesta-del-7-de-marzo-va-por-su-reconocimiento-nacional\/\"\n\t\t\t  \tdata-numposts = \"10\"\n\t\t\t  \tdata-lazy = \"true\"\n\t\t\t\tdata-colorscheme = \"light\"\n\t\t\t\tdata-order-by = \"social\"\n\t\t\t\tdata-mobile=true>\n\t\t\t  <\/div><\/div>\n\t\t  <style>\n\t\t    .fb-background-color {\n\t\t\t\tbackground: #ffffff !important;\n\t\t\t}\n\t\t\t.fb_iframe_widget_fluid_desktop iframe {\n\t\t\t    width: 100% !important;\n\t\t\t}\n\t\t  <\/style>\n\t\t  ","protected":false},"excerpt":{"rendered":"<p>Tiene media sanci\u00f3n el Proyecto de Ley que declara la \u201cFiesta de la soberan\u00eda Patag\u00f3nica Provincial\u201d e instituyendo el 7 de Marzo como \u201cD\u00eda de la Soberan\u00eda Patag\u00f3nica\u201d&nbsp;&nbsp; Con el impulso del Diputado Provincial Emiliano Balb\u00edn, el d\u00eda jueves 29 se dio media sanci\u00f3n, por unanimidad, al Proyecto de Ley que declara \u201cFiesta de la [&hellip;]<\/p>\n","protected":false},"author":4,"featured_media":25094,"comment_status":"closed","ping_status":"closed","sticky":false,"template":"","format":"standard","meta":{"_joinchat":[],"footnotes":""},"categories":[4],"tags":[],"class_list":["post-25093","post","type-post","status-publish","format-standard","has-post-thumbnail","hentry","category-politicas-publicas"],"_links":{"self":[{"href":"https:\/\/www.elpolitologoyelpolitico.com.ar\/wordpress\/wp-json\/wp\/v2\/posts\/25093","targetHints":{"allow":["GET"]}}],"collection":[{"href":"https:\/\/www.elpolitologoyelpolitico.com.ar\/wordpress\/wp-json\/wp\/v2\/posts"}],"about":[{"href":"https:\/\/www.elpolitologoyelpolitico.com.ar\/wordpress\/wp-json\/wp\/v2\/types\/post"}],"author":[{"embeddable":true,"href":"https:\/\/www.elpolitologoyelpolitico.com.ar\/wordpress\/wp-json\/wp\/v2\/users\/4"}],"replies":[{"embeddable":true,"href":"https:\/\/www.elpolitologoyelpolitico.com.ar\/wordpress\/wp-json\/wp\/v2\/comments?post=25093"}],"version-history":[{"count":0,"href":"https:\/\/www.elpolitologoyelpolitico.com.ar\/wordpress\/wp-json\/wp\/v2\/posts\/25093\/revisions"}],"wp:featuredmedia":[{"embeddable":true,"href":"https:\/\/www.elpolitologoyelpolitico.com.ar\/wordpress\/wp-json\/wp\/v2\/media\/25094"}],"wp:attachment":[{"href":"https:\/\/www.elpolitologoyelpolitico.com.ar\/wordpress\/wp-json\/wp\/v2\/media?parent=25093"}],"wp:term":[{"taxonomy":"category","embeddable":true,"href":"https:\/\/www.elpolitologoyelpolitico.com.ar\/wordpress\/wp-json\/wp\/v2\/categories?post=25093"},{"taxonomy":"post_tag","embeddable":true,"href":"https:\/\/www.elpolitologoyelpolitico.com.ar\/wordpress\/wp-json\/wp\/v2\/tags?post=25093"}],"curies":[{"name":"wp","href":"https:\/\/api.w.org\/{rel}","templated":true}]}}