{"id":25089,"date":"2022-10-03T14:25:14","date_gmt":"2022-10-03T14:25:14","guid":{"rendered":"https:\/\/www.elpolitologoyelpolitico.com.ar\/wordpress\/?p=25089"},"modified":"2022-10-03T14:25:44","modified_gmt":"2022-10-03T14:25:44","slug":"la-fiesta-nacional-del-rio-fue-reconocida-entre-fiestas-nacionales-del-pais","status":"publish","type":"post","link":"https:\/\/www.elpolitologoyelpolitico.com.ar\/wordpress\/2022\/10\/03\/la-fiesta-nacional-del-rio-fue-reconocida-entre-fiestas-nacionales-del-pais\/","title":{"rendered":"La Fiesta Nacional del R\u00edo fue reconocida entre fiestas nacionales del pa\u00eds"},"content":{"rendered":"\n<p>En el marco de la Feria Internacional del Turismo 2022, este fin de semana en la Ciudad Aut\u00f3noma de Buenos Aires la Fiesta Nacional del R\u00edo fue reconocida entre seis fiestas nacionales.<\/p>\n\n\n\n<p>Con una gran agenda de actividades culturales y tur\u00edsticas, el Ministerio de Turismo y Deportes de la Naci\u00f3n a trav\u00e9s de la Direcci\u00f3n de Fiestas Nacionales y Eventos distingui\u00f3 a nuestra Fiesta Nacional del R\u00edo.<\/p>\n\n\n\n<p>Desde CABA el Secretario de Turismo, Cultura y Deportes del Gobierno de Viedma Juan Pablo Gorosito agradeci\u00f3 al Ministro Lammens por este reconocimiento y aclar\u00f3 que esta es la segunda fiesta nacional que tiene Viedma, mencionando a la Fiesta Nacional del Mar y el Acampante.<\/p>\n\n\n\n<p>\u201cEsta edici\u00f3n de la Fiesta Nacional del R\u00edo se va a realizar entre el 24 y 26 de febrero, en los \u00faltimos dos a\u00f1os donde pudimos realizar la fiesta, con excepci\u00f3n del 2021, hemos tenido espect\u00e1culos de primer nivel\u201d<\/p>\n\n\n\n<p>\u201cEn esta \u00faltima edici\u00f3n pasaron m\u00e1s de 150 mil personas durante las tres noches de la fiesta, y esto implica un movimiento econ\u00f3mico importante para Viedma que es una ciudad de 80.000 habitantes\u201d resalt\u00f3 el funcionario municipal.<\/p>\n\n\n\n<p>\u201cViedma es el portal de ingreso a la Patagonia y Fiestas como la del Mar y el Acampante o c\u00f3mo la Fiesta Nacional del R\u00edo nos publicitan muy bien en todo el pa\u00eds\u201d.<\/p>\n\n\n\n<p>Finalmente Gorosito agradeci\u00f3 a la provincia por el apoyo, especialmente a la Ministra de Turismo y Deportes Martha V\u00e9lez y al gobierno nacional por el trabajo conjunto.<\/p>\n<div class=\"fb-background-color\">\n\t\t\t  <div \n\t\t\t  \tclass = \"fb-comments\" \n\t\t\t  \tdata-href = \"https:\/\/www.elpolitologoyelpolitico.com.ar\/wordpress\/2022\/10\/03\/la-fiesta-nacional-del-rio-fue-reconocida-entre-fiestas-nacionales-del-pais\/\"\n\t\t\t  \tdata-numposts = \"10\"\n\t\t\t  \tdata-lazy = \"true\"\n\t\t\t\tdata-colorscheme = \"light\"\n\t\t\t\tdata-order-by = \"social\"\n\t\t\t\tdata-mobile=true>\n\t\t\t  <\/div><\/div>\n\t\t  <style>\n\t\t    .fb-background-color {\n\t\t\t\tbackground: #ffffff !important;\n\t\t\t}\n\t\t\t.fb_iframe_widget_fluid_desktop iframe {\n\t\t\t    width: 100% !important;\n\t\t\t}\n\t\t  <\/style>\n\t\t  ","protected":false},"excerpt":{"rendered":"<p>En el marco de la Feria Internacional del Turismo 2022, este fin de semana en la Ciudad Aut\u00f3noma de Buenos Aires la Fiesta Nacional del R\u00edo fue reconocida entre seis fiestas nacionales. Con una gran agenda de actividades culturales y tur\u00edsticas, el Ministerio de Turismo y Deportes de la Naci\u00f3n a trav\u00e9s de la Direcci\u00f3n [&hellip;]<\/p>\n","protected":false},"author":4,"featured_media":25090,"comment_status":"closed","ping_status":"closed","sticky":false,"template":"","format":"standard","meta":{"_joinchat":[],"footnotes":""},"categories":[4],"tags":[],"class_list":["post-25089","post","type-post","status-publish","format-standard","has-post-thumbnail","hentry","category-politicas-publicas"],"_links":{"self":[{"href":"https:\/\/www.elpolitologoyelpolitico.com.ar\/wordpress\/wp-json\/wp\/v2\/posts\/25089","targetHints":{"allow":["GET"]}}],"collection":[{"href":"https:\/\/www.elpolitologoyelpolitico.com.ar\/wordpress\/wp-json\/wp\/v2\/posts"}],"about":[{"href":"https:\/\/www.elpolitologoyelpolitico.com.ar\/wordpress\/wp-json\/wp\/v2\/types\/post"}],"author":[{"embeddable":true,"href":"https:\/\/www.elpolitologoyelpolitico.com.ar\/wordpress\/wp-json\/wp\/v2\/users\/4"}],"replies":[{"embeddable":true,"href":"https:\/\/www.elpolitologoyelpolitico.com.ar\/wordpress\/wp-json\/wp\/v2\/comments?post=25089"}],"version-history":[{"count":0,"href":"https:\/\/www.elpolitologoyelpolitico.com.ar\/wordpress\/wp-json\/wp\/v2\/posts\/25089\/revisions"}],"wp:featuredmedia":[{"embeddable":true,"href":"https:\/\/www.elpolitologoyelpolitico.com.ar\/wordpress\/wp-json\/wp\/v2\/media\/25090"}],"wp:attachment":[{"href":"https:\/\/www.elpolitologoyelpolitico.com.ar\/wordpress\/wp-json\/wp\/v2\/media?parent=25089"}],"wp:term":[{"taxonomy":"category","embeddable":true,"href":"https:\/\/www.elpolitologoyelpolitico.com.ar\/wordpress\/wp-json\/wp\/v2\/categories?post=25089"},{"taxonomy":"post_tag","embeddable":true,"href":"https:\/\/www.elpolitologoyelpolitico.com.ar\/wordpress\/wp-json\/wp\/v2\/tags?post=25089"}],"curies":[{"name":"wp","href":"https:\/\/api.w.org\/{rel}","templated":true}]}}