{"id":25054,"date":"2022-10-01T01:05:02","date_gmt":"2022-10-01T01:05:02","guid":{"rendered":"https:\/\/www.elpolitologoyelpolitico.com.ar\/wordpress\/?p=25054"},"modified":"2022-10-01T01:07:31","modified_gmt":"2022-10-01T01:07:31","slug":"girsu-nuevo-envio-de-vidrio-desde-el-centro-ambiental-para-reciclar","status":"publish","type":"post","link":"https:\/\/www.elpolitologoyelpolitico.com.ar\/wordpress\/2022\/10\/01\/girsu-nuevo-envio-de-vidrio-desde-el-centro-ambiental-para-reciclar\/","title":{"rendered":"GIRSU: nuevo env\u00edo de&nbsp; vidrio desde el Centro Ambiental para reciclar"},"content":{"rendered":"\n<p>Parti\u00f3 un nuevo env\u00edo de material reciclable desde la planta del Centro Ambiental Patag\u00f3nico GIRSU, cuyo consorcio Patagones integra junto al gobierno de la ciudad de Viedma y el Comisionado de San Javier.&nbsp;<\/p>\n\n\n\n<p>En total salieron 16.080 kilos de vidrio hacia Mendoza, para su reprocesamiento.&nbsp;<\/p>\n\n\n\n<p>El proyecto de Gesti\u00f3n de Residuos S\u00f3lidos Urbanos y su Planta de procesamiento, son considerados modelos en toda la Argentina, junto al trabajo de la cooperativa CoTraNVi, que opera la planta de reciclaje.<\/p>\n\n\n\n<figure class=\"wp-block-gallery has-nested-images columns-default is-cropped wp-block-gallery-1 is-layout-flex wp-block-gallery-is-layout-flex\">\n<figure class=\"wp-block-image size-large\"><img fetchpriority=\"high\" decoding=\"async\" width=\"720\" height=\"387\" data-id=\"25056\" src=\"https:\/\/www.elpolitologoyelpolitico.com.ar\/wp-content\/uploads\/2022\/10\/IMG-20220930-WA0040.jpg\" alt=\"\" class=\"wp-image-25056\" srcset=\"https:\/\/www.elpolitologoyelpolitico.com.ar\/wp-content\/uploads\/2022\/10\/IMG-20220930-WA0040.jpg 720w, https:\/\/www.elpolitologoyelpolitico.com.ar\/wp-content\/uploads\/2022\/10\/IMG-20220930-WA0040-300x161.jpg 300w\" sizes=\"(max-width: 720px) 100vw, 720px\" \/><\/figure>\n\n\n\n<figure class=\"wp-block-image size-large\"><img decoding=\"async\" width=\"720\" height=\"406\" data-id=\"25057\" src=\"https:\/\/www.elpolitologoyelpolitico.com.ar\/wp-content\/uploads\/2022\/10\/IMG-20220930-WA0043.jpg\" alt=\"\" class=\"wp-image-25057\" srcset=\"https:\/\/www.elpolitologoyelpolitico.com.ar\/wp-content\/uploads\/2022\/10\/IMG-20220930-WA0043.jpg 720w, https:\/\/www.elpolitologoyelpolitico.com.ar\/wp-content\/uploads\/2022\/10\/IMG-20220930-WA0043-300x169.jpg 300w\" sizes=\"(max-width: 720px) 100vw, 720px\" \/><\/figure>\n<\/figure>\n<div class=\"fb-background-color\">\n\t\t\t  <div \n\t\t\t  \tclass = \"fb-comments\" \n\t\t\t  \tdata-href = \"https:\/\/www.elpolitologoyelpolitico.com.ar\/wordpress\/2022\/10\/01\/girsu-nuevo-envio-de-vidrio-desde-el-centro-ambiental-para-reciclar\/\"\n\t\t\t  \tdata-numposts = \"10\"\n\t\t\t  \tdata-lazy = \"true\"\n\t\t\t\tdata-colorscheme = \"light\"\n\t\t\t\tdata-order-by = \"social\"\n\t\t\t\tdata-mobile=true>\n\t\t\t  <\/div><\/div>\n\t\t  <style>\n\t\t    .fb-background-color {\n\t\t\t\tbackground: #ffffff !important;\n\t\t\t}\n\t\t\t.fb_iframe_widget_fluid_desktop iframe {\n\t\t\t    width: 100% !important;\n\t\t\t}\n\t\t  <\/style>\n\t\t  ","protected":false},"excerpt":{"rendered":"<p>Parti\u00f3 un nuevo env\u00edo de material reciclable desde la planta del Centro Ambiental Patag\u00f3nico GIRSU, cuyo consorcio Patagones integra junto al gobierno de la ciudad de Viedma y el Comisionado de San Javier.&nbsp; En total salieron 16.080 kilos de vidrio hacia Mendoza, para su reprocesamiento.&nbsp; El proyecto de Gesti\u00f3n de Residuos S\u00f3lidos Urbanos y su [&hellip;]<\/p>\n","protected":false},"author":4,"featured_media":25055,"comment_status":"closed","ping_status":"closed","sticky":false,"template":"","format":"standard","meta":{"_joinchat":[],"footnotes":""},"categories":[4],"tags":[],"class_list":["post-25054","post","type-post","status-publish","format-standard","has-post-thumbnail","hentry","category-politicas-publicas"],"_links":{"self":[{"href":"https:\/\/www.elpolitologoyelpolitico.com.ar\/wordpress\/wp-json\/wp\/v2\/posts\/25054","targetHints":{"allow":["GET"]}}],"collection":[{"href":"https:\/\/www.elpolitologoyelpolitico.com.ar\/wordpress\/wp-json\/wp\/v2\/posts"}],"about":[{"href":"https:\/\/www.elpolitologoyelpolitico.com.ar\/wordpress\/wp-json\/wp\/v2\/types\/post"}],"author":[{"embeddable":true,"href":"https:\/\/www.elpolitologoyelpolitico.com.ar\/wordpress\/wp-json\/wp\/v2\/users\/4"}],"replies":[{"embeddable":true,"href":"https:\/\/www.elpolitologoyelpolitico.com.ar\/wordpress\/wp-json\/wp\/v2\/comments?post=25054"}],"version-history":[{"count":0,"href":"https:\/\/www.elpolitologoyelpolitico.com.ar\/wordpress\/wp-json\/wp\/v2\/posts\/25054\/revisions"}],"wp:featuredmedia":[{"embeddable":true,"href":"https:\/\/www.elpolitologoyelpolitico.com.ar\/wordpress\/wp-json\/wp\/v2\/media\/25055"}],"wp:attachment":[{"href":"https:\/\/www.elpolitologoyelpolitico.com.ar\/wordpress\/wp-json\/wp\/v2\/media?parent=25054"}],"wp:term":[{"taxonomy":"category","embeddable":true,"href":"https:\/\/www.elpolitologoyelpolitico.com.ar\/wordpress\/wp-json\/wp\/v2\/categories?post=25054"},{"taxonomy":"post_tag","embeddable":true,"href":"https:\/\/www.elpolitologoyelpolitico.com.ar\/wordpress\/wp-json\/wp\/v2\/tags?post=25054"}],"curies":[{"name":"wp","href":"https:\/\/api.w.org\/{rel}","templated":true}]}}