{"id":25026,"date":"2022-09-30T21:13:50","date_gmt":"2022-09-30T21:13:50","guid":{"rendered":"https:\/\/www.elpolitologoyelpolitico.com.ar\/wordpress\/?p=25026"},"modified":"2022-09-30T21:14:31","modified_gmt":"2022-09-30T21:14:31","slug":"viedma-verde-en-colegios-de-sierra-grande","status":"publish","type":"post","link":"https:\/\/www.elpolitologoyelpolitico.com.ar\/wordpress\/2022\/09\/30\/viedma-verde-en-colegios-de-sierra-grande\/","title":{"rendered":"Viedma Verde, en colegios de Sierra Grande"},"content":{"rendered":"\n<p>El Gobierno de Viedma present\u00f3 sus pol\u00edticas ambientales para la gesti\u00f3n de los residuos, la conservaci\u00f3n de la Biodiversidad y las acciones frente al Cambio Clim\u00e1tico, en la ESRN 39 y el CET 12 de Sierra Grande.<\/p>\n\n\n\n<p>\u00abDirectivos, docentes, alumnas y alumnos, mostraron inter\u00e9s principalmente en el sistema de Gesti\u00f3n Integral de Residuos S\u00f3lidos Urbanos (GIRSU) por distintos proyectos que tienen en mente, previendo el potencial crecimiento de Sierra Grande de la mano de los proyectos de Hidr\u00f3geno Verde y el Oledoucto, la creaci\u00f3n del Parque Nacional Islote Lobos, y&nbsp; la situaci\u00f3n actual del Basural a Cielo Abierto.\u00bb se\u00f1al\u00f3 Gast\u00f3n Guti\u00e9rrez, Secretario de Servicios, Espacio P\u00fablico y Ambiente de Viedma.<\/p>\n\n\n\n<p>El hecho de que Viedma, Patagones y San Javier, conformen el \u00fanico proyecto en funcionamiento en R\u00edo Negro y sur de Buenos Aires, brinda la posibilidad de socializar y compartir la experiencia con el resto de las ciudades de la regi\u00f3n vinculadas a la educaci\u00f3n ambiental, la inclusi\u00f3n social y los servicios p\u00fablicos vinculados a la higiene urbana.<\/p>\n\n\n\n<p>Desde la Municipalidad de Viedma, el propio Intendente Pesatti, ha promovido al inicio de la gesti\u00f3n de gobierno, no solo la integraci\u00f3n de nuestra comunidad y cada uno de los barrios, sino tambi\u00e9n con el resto de la ciudades de R\u00edo Negro a trav\u00e9s del hermanamiento y la responsabilidad que implica ser la capital de todos los rionegrinos y rionegrinas. Es por ello que permanentemente nos consultan acerca de nuestras pol\u00edticas ambientales\u00a0 la agenda verde desde otras ciudades, e incluso la raz\u00f3n por la cual asesoramos meses atr\u00e1s a la Consultora CFG y al Arq. Jaimes para el Plan Urban\u00edstico de Sierra Grande y Playas Doradas espec\u00edficamente en la gesti\u00f3n de residuos.\u00bb finaliz\u00f3 Guti\u00e9rrez, quien adem\u00e1s cumple funciones como Gerente General del Centro Ambiental Patag\u00f3nico GIRSU.<\/p>\n\n\n\n<figure class=\"wp-block-gallery has-nested-images columns-default is-cropped wp-block-gallery-1 is-layout-flex wp-block-gallery-is-layout-flex\">\n<figure class=\"wp-block-image size-large\"><img fetchpriority=\"high\" decoding=\"async\" width=\"1024\" height=\"768\" data-id=\"25028\" src=\"https:\/\/www.elpolitologoyelpolitico.com.ar\/wp-content\/uploads\/2022\/09\/IMG-20220930-WA0025-1024x768.jpg\" alt=\"\" class=\"wp-image-25028\" srcset=\"https:\/\/www.elpolitologoyelpolitico.com.ar\/wp-content\/uploads\/2022\/09\/IMG-20220930-WA0025-1024x768.jpg 1024w, https:\/\/www.elpolitologoyelpolitico.com.ar\/wp-content\/uploads\/2022\/09\/IMG-20220930-WA0025-300x225.jpg 300w, https:\/\/www.elpolitologoyelpolitico.com.ar\/wp-content\/uploads\/2022\/09\/IMG-20220930-WA0025-768x576.jpg 768w, https:\/\/www.elpolitologoyelpolitico.com.ar\/wp-content\/uploads\/2022\/09\/IMG-20220930-WA0025-1536x1152.jpg 1536w, https:\/\/www.elpolitologoyelpolitico.com.ar\/wp-content\/uploads\/2022\/09\/IMG-20220930-WA0025.jpg 1600w\" sizes=\"(max-width: 1024px) 100vw, 1024px\" \/><\/figure>\n\n\n\n<figure class=\"wp-block-image size-large\"><img decoding=\"async\" width=\"768\" height=\"1024\" data-id=\"25029\" src=\"https:\/\/www.elpolitologoyelpolitico.com.ar\/wp-content\/uploads\/2022\/09\/IMG-20220930-WA0029-768x1024.jpg\" alt=\"\" class=\"wp-image-25029\" srcset=\"https:\/\/www.elpolitologoyelpolitico.com.ar\/wp-content\/uploads\/2022\/09\/IMG-20220930-WA0029-768x1023.jpg 768w, https:\/\/www.elpolitologoyelpolitico.com.ar\/wp-content\/uploads\/2022\/09\/IMG-20220930-WA0029-225x300.jpg 225w, https:\/\/www.elpolitologoyelpolitico.com.ar\/wp-content\/uploads\/2022\/09\/IMG-20220930-WA0029-1153x1536.jpg 1153w, https:\/\/www.elpolitologoyelpolitico.com.ar\/wp-content\/uploads\/2022\/09\/IMG-20220930-WA0029.jpg 1200w\" sizes=\"(max-width: 768px) 100vw, 768px\" \/><\/figure>\n<\/figure>\n<div class=\"fb-background-color\">\n\t\t\t  <div \n\t\t\t  \tclass = \"fb-comments\" \n\t\t\t  \tdata-href = \"https:\/\/www.elpolitologoyelpolitico.com.ar\/wordpress\/2022\/09\/30\/viedma-verde-en-colegios-de-sierra-grande\/\"\n\t\t\t  \tdata-numposts = \"10\"\n\t\t\t  \tdata-lazy = \"true\"\n\t\t\t\tdata-colorscheme = \"light\"\n\t\t\t\tdata-order-by = \"social\"\n\t\t\t\tdata-mobile=true>\n\t\t\t  <\/div><\/div>\n\t\t  <style>\n\t\t    .fb-background-color {\n\t\t\t\tbackground: #ffffff !important;\n\t\t\t}\n\t\t\t.fb_iframe_widget_fluid_desktop iframe {\n\t\t\t    width: 100% !important;\n\t\t\t}\n\t\t  <\/style>\n\t\t  ","protected":false},"excerpt":{"rendered":"<p>El Gobierno de Viedma present\u00f3 sus pol\u00edticas ambientales para la gesti\u00f3n de los residuos, la conservaci\u00f3n de la Biodiversidad y las acciones frente al Cambio Clim\u00e1tico, en la ESRN 39 y el CET 12 de Sierra Grande. \u00abDirectivos, docentes, alumnas y alumnos, mostraron inter\u00e9s principalmente en el sistema de Gesti\u00f3n Integral de Residuos S\u00f3lidos Urbanos [&hellip;]<\/p>\n","protected":false},"author":4,"featured_media":25027,"comment_status":"closed","ping_status":"closed","sticky":false,"template":"","format":"standard","meta":{"_joinchat":[],"footnotes":""},"categories":[39],"tags":[],"class_list":["post-25026","post","type-post","status-publish","format-standard","has-post-thumbnail","hentry","category-en-esta-seccion"],"_links":{"self":[{"href":"https:\/\/www.elpolitologoyelpolitico.com.ar\/wordpress\/wp-json\/wp\/v2\/posts\/25026","targetHints":{"allow":["GET"]}}],"collection":[{"href":"https:\/\/www.elpolitologoyelpolitico.com.ar\/wordpress\/wp-json\/wp\/v2\/posts"}],"about":[{"href":"https:\/\/www.elpolitologoyelpolitico.com.ar\/wordpress\/wp-json\/wp\/v2\/types\/post"}],"author":[{"embeddable":true,"href":"https:\/\/www.elpolitologoyelpolitico.com.ar\/wordpress\/wp-json\/wp\/v2\/users\/4"}],"replies":[{"embeddable":true,"href":"https:\/\/www.elpolitologoyelpolitico.com.ar\/wordpress\/wp-json\/wp\/v2\/comments?post=25026"}],"version-history":[{"count":0,"href":"https:\/\/www.elpolitologoyelpolitico.com.ar\/wordpress\/wp-json\/wp\/v2\/posts\/25026\/revisions"}],"wp:featuredmedia":[{"embeddable":true,"href":"https:\/\/www.elpolitologoyelpolitico.com.ar\/wordpress\/wp-json\/wp\/v2\/media\/25027"}],"wp:attachment":[{"href":"https:\/\/www.elpolitologoyelpolitico.com.ar\/wordpress\/wp-json\/wp\/v2\/media?parent=25026"}],"wp:term":[{"taxonomy":"category","embeddable":true,"href":"https:\/\/www.elpolitologoyelpolitico.com.ar\/wordpress\/wp-json\/wp\/v2\/categories?post=25026"},{"taxonomy":"post_tag","embeddable":true,"href":"https:\/\/www.elpolitologoyelpolitico.com.ar\/wordpress\/wp-json\/wp\/v2\/tags?post=25026"}],"curies":[{"name":"wp","href":"https:\/\/api.w.org\/{rel}","templated":true}]}}