{"id":25009,"date":"2022-09-30T13:22:00","date_gmt":"2022-09-30T13:22:00","guid":{"rendered":"https:\/\/www.elpolitologoyelpolitico.com.ar\/wordpress\/?p=25009"},"modified":"2022-09-30T13:23:06","modified_gmt":"2022-09-30T13:23:06","slug":"se-brindara-el-taller-libre-gratuito-del-autor-al-lector-en-el-centro-cultural","status":"publish","type":"post","link":"https:\/\/www.elpolitologoyelpolitico.com.ar\/wordpress\/2022\/09\/30\/se-brindara-el-taller-libre-gratuito-del-autor-al-lector-en-el-centro-cultural\/","title":{"rendered":"Se brindar\u00e1 el taller libre gratuito \u201cDel autor al lector\u201d en el Centro Cultural"},"content":{"rendered":"\n<p>El pr\u00f3ximo s\u00e1bado 1 de octubre a partir de las 16 en el Centro Cultural, el gobierno de Viedma a trav\u00e9s de la Editorial Municipal brindar\u00e1 el taller \u00abDel autor al lector\u00bb.<\/p>\n\n\n\n<p>Esta capacitaci\u00f3n ser\u00e1 un espacio para que quienes quieran editar sus libros conozcan los aspectos comerciales, t\u00e9cnicos y legales que implica la materializaci\u00f3n de&nbsp; un trabajo de escritura en libro.<\/p>\n\n\n\n<p>La jornada estar\u00e1 a cargo de Dafne Pidemunt, Argentina, nacida en Buenos Aires, en el a\u00f1o 1977.Actualmente reside en Viedma. Es poeta, editora y gestora cultural en poes\u00eda, transfeminismos y disidencias. Organizadora de eventos de poes\u00eda y disidencias desde 1995 hasta la actualidad. Coordina el espacio de diversidad sexual y cultura \u201cOrgullo y prejuicio\u201d en la Feria Internacional del libro de Buenos Aires. Organiza y coordina la Feria de editoriales de POESIAYA y el ciclo Todav\u00eda la Luz en el CCK. Co-directora de la editorial \u201cLa mariposa y la iguana\u201d. Tiene publicado El juego de las estatuas, La avidez del silencio y Le\u00f3n no es m\u00e1s que un nombre.<\/p>\n\n\n\n<p>No se requieren conocimientos previos y la entrada es libre y gratuita. Informes a <a href=\"mailto:editorialviedma@gmail.com\">editorialviedma@gmail.com<\/a><\/p>\n<div class=\"fb-background-color\">\n\t\t\t  <div \n\t\t\t  \tclass = \"fb-comments\" \n\t\t\t  \tdata-href = \"https:\/\/www.elpolitologoyelpolitico.com.ar\/wordpress\/2022\/09\/30\/se-brindara-el-taller-libre-gratuito-del-autor-al-lector-en-el-centro-cultural\/\"\n\t\t\t  \tdata-numposts = \"10\"\n\t\t\t  \tdata-lazy = \"true\"\n\t\t\t\tdata-colorscheme = \"light\"\n\t\t\t\tdata-order-by = \"social\"\n\t\t\t\tdata-mobile=true>\n\t\t\t  <\/div><\/div>\n\t\t  <style>\n\t\t    .fb-background-color {\n\t\t\t\tbackground: #ffffff !important;\n\t\t\t}\n\t\t\t.fb_iframe_widget_fluid_desktop iframe {\n\t\t\t    width: 100% !important;\n\t\t\t}\n\t\t  <\/style>\n\t\t  ","protected":false},"excerpt":{"rendered":"<p>El pr\u00f3ximo s\u00e1bado 1 de octubre a partir de las 16 en el Centro Cultural, el gobierno de Viedma a trav\u00e9s de la Editorial Municipal brindar\u00e1 el taller \u00abDel autor al lector\u00bb. Esta capacitaci\u00f3n ser\u00e1 un espacio para que quienes quieran editar sus libros conozcan los aspectos comerciales, t\u00e9cnicos y legales que implica la materializaci\u00f3n [&hellip;]<\/p>\n","protected":false},"author":4,"featured_media":25010,"comment_status":"closed","ping_status":"closed","sticky":false,"template":"","format":"standard","meta":{"_joinchat":[],"footnotes":""},"categories":[39],"tags":[],"class_list":["post-25009","post","type-post","status-publish","format-standard","has-post-thumbnail","hentry","category-en-esta-seccion"],"_links":{"self":[{"href":"https:\/\/www.elpolitologoyelpolitico.com.ar\/wordpress\/wp-json\/wp\/v2\/posts\/25009","targetHints":{"allow":["GET"]}}],"collection":[{"href":"https:\/\/www.elpolitologoyelpolitico.com.ar\/wordpress\/wp-json\/wp\/v2\/posts"}],"about":[{"href":"https:\/\/www.elpolitologoyelpolitico.com.ar\/wordpress\/wp-json\/wp\/v2\/types\/post"}],"author":[{"embeddable":true,"href":"https:\/\/www.elpolitologoyelpolitico.com.ar\/wordpress\/wp-json\/wp\/v2\/users\/4"}],"replies":[{"embeddable":true,"href":"https:\/\/www.elpolitologoyelpolitico.com.ar\/wordpress\/wp-json\/wp\/v2\/comments?post=25009"}],"version-history":[{"count":0,"href":"https:\/\/www.elpolitologoyelpolitico.com.ar\/wordpress\/wp-json\/wp\/v2\/posts\/25009\/revisions"}],"wp:featuredmedia":[{"embeddable":true,"href":"https:\/\/www.elpolitologoyelpolitico.com.ar\/wordpress\/wp-json\/wp\/v2\/media\/25010"}],"wp:attachment":[{"href":"https:\/\/www.elpolitologoyelpolitico.com.ar\/wordpress\/wp-json\/wp\/v2\/media?parent=25009"}],"wp:term":[{"taxonomy":"category","embeddable":true,"href":"https:\/\/www.elpolitologoyelpolitico.com.ar\/wordpress\/wp-json\/wp\/v2\/categories?post=25009"},{"taxonomy":"post_tag","embeddable":true,"href":"https:\/\/www.elpolitologoyelpolitico.com.ar\/wordpress\/wp-json\/wp\/v2\/tags?post=25009"}],"curies":[{"name":"wp","href":"https:\/\/api.w.org\/{rel}","templated":true}]}}