{"id":25005,"date":"2022-09-30T12:30:18","date_gmt":"2022-09-30T12:30:18","guid":{"rendered":"https:\/\/www.elpolitologoyelpolitico.com.ar\/wordpress\/?p=25005"},"modified":"2022-09-30T12:30:46","modified_gmt":"2022-09-30T12:30:46","slug":"en-la-plata-el-intendente-zara-se-reunio-con-el-ministro-de-salud-bonaerense","status":"publish","type":"post","link":"https:\/\/www.elpolitologoyelpolitico.com.ar\/wordpress\/2022\/09\/30\/en-la-plata-el-intendente-zara-se-reunio-con-el-ministro-de-salud-bonaerense\/","title":{"rendered":"En La Plata, el Intendente Zara se reuni\u00f3 con el Ministro de Salud bonaerense"},"content":{"rendered":"\n<p>En el marco de las diversas gestiones que llev\u00f3 adelante en la ciudad de La Plata, el Intendente Municipal, Ing. Jos\u00e9 Luis Zara, se reuni\u00f3 con el Ministro de Salud de la Provincia, Nicol\u00e1s Keplak, y el Jefe de Gabinete, Salvador Giorgi.&nbsp;<\/p>\n\n\n\n<p>El jefe comunal concurri\u00f3 acompa\u00f1ado por el Secretario de Salud, Edgardo Jalabert.&nbsp;<\/p>\n\n\n\n<p>En la oportunidad, Zara junto a Jalabert plantearon la situaci\u00f3n sanitaria de todo el Distrito, la necesidad de contar con equipamiento nuevo e incorporar ambulancias, debido a las grandes distancias que existen entre las distintas localidades.&nbsp;<\/p>\n\n\n\n<p>Adem\u00e1s, conversaron sobre las obras en marcha en materia de salud; ampliaciones y mejoras edilicias.&nbsp;<\/p>\n\n\n\n<p>En el mismo sentido, el Intendente solicit\u00f3 la posibilidad de ampliaci\u00f3n del sector de quir\u00f3fano del hospital \u00abDr. Pedro Ecay\u00bb y en respuesta el Ministro se comprometi\u00f3 a designar referentes de la cartera para que visiten Patagones y en articulaci\u00f3n con el municipio generen el proyecto correspondiente.&nbsp;&nbsp;<\/p>\n\n\n\n<p>El Intendente calific\u00f3 el encuentro como muy positivo y asegur\u00f3 que \u00abqued\u00f3 la puerta abierta para trabajar nuevos proyectos en conjunto\u00bb.<\/p>\n<div class=\"fb-background-color\">\n\t\t\t  <div \n\t\t\t  \tclass = \"fb-comments\" \n\t\t\t  \tdata-href = \"https:\/\/www.elpolitologoyelpolitico.com.ar\/wordpress\/2022\/09\/30\/en-la-plata-el-intendente-zara-se-reunio-con-el-ministro-de-salud-bonaerense\/\"\n\t\t\t  \tdata-numposts = \"10\"\n\t\t\t  \tdata-lazy = \"true\"\n\t\t\t\tdata-colorscheme = \"light\"\n\t\t\t\tdata-order-by = \"social\"\n\t\t\t\tdata-mobile=true>\n\t\t\t  <\/div><\/div>\n\t\t  <style>\n\t\t    .fb-background-color {\n\t\t\t\tbackground: #ffffff !important;\n\t\t\t}\n\t\t\t.fb_iframe_widget_fluid_desktop iframe {\n\t\t\t    width: 100% !important;\n\t\t\t}\n\t\t  <\/style>\n\t\t  ","protected":false},"excerpt":{"rendered":"<p>En el marco de las diversas gestiones que llev\u00f3 adelante en la ciudad de La Plata, el Intendente Municipal, Ing. Jos\u00e9 Luis Zara, se reuni\u00f3 con el Ministro de Salud de la Provincia, Nicol\u00e1s Keplak, y el Jefe de Gabinete, Salvador Giorgi.&nbsp; El jefe comunal concurri\u00f3 acompa\u00f1ado por el Secretario de Salud, Edgardo Jalabert.&nbsp; En [&hellip;]<\/p>\n","protected":false},"author":4,"featured_media":25006,"comment_status":"closed","ping_status":"closed","sticky":false,"template":"","format":"standard","meta":{"_joinchat":[],"footnotes":""},"categories":[4],"tags":[],"class_list":["post-25005","post","type-post","status-publish","format-standard","has-post-thumbnail","hentry","category-politicas-publicas"],"_links":{"self":[{"href":"https:\/\/www.elpolitologoyelpolitico.com.ar\/wordpress\/wp-json\/wp\/v2\/posts\/25005","targetHints":{"allow":["GET"]}}],"collection":[{"href":"https:\/\/www.elpolitologoyelpolitico.com.ar\/wordpress\/wp-json\/wp\/v2\/posts"}],"about":[{"href":"https:\/\/www.elpolitologoyelpolitico.com.ar\/wordpress\/wp-json\/wp\/v2\/types\/post"}],"author":[{"embeddable":true,"href":"https:\/\/www.elpolitologoyelpolitico.com.ar\/wordpress\/wp-json\/wp\/v2\/users\/4"}],"replies":[{"embeddable":true,"href":"https:\/\/www.elpolitologoyelpolitico.com.ar\/wordpress\/wp-json\/wp\/v2\/comments?post=25005"}],"version-history":[{"count":0,"href":"https:\/\/www.elpolitologoyelpolitico.com.ar\/wordpress\/wp-json\/wp\/v2\/posts\/25005\/revisions"}],"wp:featuredmedia":[{"embeddable":true,"href":"https:\/\/www.elpolitologoyelpolitico.com.ar\/wordpress\/wp-json\/wp\/v2\/media\/25006"}],"wp:attachment":[{"href":"https:\/\/www.elpolitologoyelpolitico.com.ar\/wordpress\/wp-json\/wp\/v2\/media?parent=25005"}],"wp:term":[{"taxonomy":"category","embeddable":true,"href":"https:\/\/www.elpolitologoyelpolitico.com.ar\/wordpress\/wp-json\/wp\/v2\/categories?post=25005"},{"taxonomy":"post_tag","embeddable":true,"href":"https:\/\/www.elpolitologoyelpolitico.com.ar\/wordpress\/wp-json\/wp\/v2\/tags?post=25005"}],"curies":[{"name":"wp","href":"https:\/\/api.w.org\/{rel}","templated":true}]}}