{"id":24997,"date":"2022-09-30T02:02:01","date_gmt":"2022-09-30T02:02:01","guid":{"rendered":"https:\/\/www.elpolitologoyelpolitico.com.ar\/wordpress\/?p=24997"},"modified":"2022-09-30T02:22:17","modified_gmt":"2022-09-30T02:22:17","slug":"nueva-charla-sobre-estafas-violencias-y-grooming-organizada-por-la-red-rionegrina-de-la-tercera-juventud","status":"publish","type":"post","link":"https:\/\/www.elpolitologoyelpolitico.com.ar\/wordpress\/2022\/09\/30\/nueva-charla-sobre-estafas-violencias-y-grooming-organizada-por-la-red-rionegrina-de-la-tercera-juventud\/","title":{"rendered":"NUEVA CHARLA SOBRE \u201cESTAFAS, VIOLENCIAS Y GROOMING\u201d ORGANIZADA POR LA RED RIONEGRINA DE LA TERCERA JUVENTUD"},"content":{"rendered":"\n<p>La RED Rionegrina de la Tercera Juventud continua capacitando a varias personas sobre \u00abEstafas, Violencias y Grooming\u00bb.&nbsp;<\/p>\n\n\n\n<p>Es importante que la sociedad tenga conocimiento sobre estos temas que hoy en d\u00eda nos involucran a todos.&nbsp;<\/p>\n\n\n\n<p>En esta oportunidad, la charla ser\u00e1 en la Ciudad de Fern\u00e1ndez Oro.<\/p>\n\n\n\n<p>Colaboran la Municipalidad de Fern\u00e1ndez Oro, el Ministerio P\u00fablico de la IV Circunscripci\u00f3n Judicial de R\u00edo Negro y la Oficina de la Mujer, el Ni\u00f1o y la Familia de la Comisar\u00eda 26 de Fern\u00e1ndez Oro.<\/p>\n\n\n\n<p>Adem\u00e1s de utilizar la recreaci\u00f3n y el turismo para intentar integrar socialmente a los mas grandes, desde la RED y con la ayuda de diferentes organismos p\u00fablicos se pretende brindar distintas herramientas de prevenci\u00f3n y concientizaci\u00f3n a las personas mayores en la provincia de Rio Negro.<\/p>\n\n\n\n<figure class=\"wp-block-gallery has-nested-images columns-default is-cropped wp-block-gallery-1 is-layout-flex wp-block-gallery-is-layout-flex\">\n<figure class=\"wp-block-image size-large\"><img fetchpriority=\"high\" decoding=\"async\" width=\"540\" height=\"540\" data-id=\"25002\" src=\"https:\/\/www.elpolitologoyelpolitico.com.ar\/wp-content\/uploads\/2022\/09\/IMG-20220929-WA0044.jpg\" alt=\"\" class=\"wp-image-25002\" srcset=\"https:\/\/www.elpolitologoyelpolitico.com.ar\/wp-content\/uploads\/2022\/09\/IMG-20220929-WA0044.jpg 540w, https:\/\/www.elpolitologoyelpolitico.com.ar\/wp-content\/uploads\/2022\/09\/IMG-20220929-WA0044-300x300.jpg 300w, https:\/\/www.elpolitologoyelpolitico.com.ar\/wp-content\/uploads\/2022\/09\/IMG-20220929-WA0044-150x150.jpg 150w\" sizes=\"(max-width: 540px) 100vw, 540px\" \/><\/figure>\n\n\n\n<figure class=\"wp-block-image size-large\"><img decoding=\"async\" width=\"720\" height=\"720\" data-id=\"25003\" src=\"https:\/\/www.elpolitologoyelpolitico.com.ar\/wp-content\/uploads\/2022\/09\/IMG-20220929-WA0043.jpg\" alt=\"\" class=\"wp-image-25003\" srcset=\"https:\/\/www.elpolitologoyelpolitico.com.ar\/wp-content\/uploads\/2022\/09\/IMG-20220929-WA0043.jpg 720w, https:\/\/www.elpolitologoyelpolitico.com.ar\/wp-content\/uploads\/2022\/09\/IMG-20220929-WA0043-300x300.jpg 300w, https:\/\/www.elpolitologoyelpolitico.com.ar\/wp-content\/uploads\/2022\/09\/IMG-20220929-WA0043-150x150.jpg 150w\" sizes=\"(max-width: 720px) 100vw, 720px\" \/><\/figure>\n<\/figure>\n<div class=\"fb-background-color\">\n\t\t\t  <div \n\t\t\t  \tclass = \"fb-comments\" \n\t\t\t  \tdata-href = \"https:\/\/www.elpolitologoyelpolitico.com.ar\/wordpress\/2022\/09\/30\/nueva-charla-sobre-estafas-violencias-y-grooming-organizada-por-la-red-rionegrina-de-la-tercera-juventud\/\"\n\t\t\t  \tdata-numposts = \"10\"\n\t\t\t  \tdata-lazy = \"true\"\n\t\t\t\tdata-colorscheme = \"light\"\n\t\t\t\tdata-order-by = \"social\"\n\t\t\t\tdata-mobile=true>\n\t\t\t  <\/div><\/div>\n\t\t  <style>\n\t\t    .fb-background-color {\n\t\t\t\tbackground: #ffffff !important;\n\t\t\t}\n\t\t\t.fb_iframe_widget_fluid_desktop iframe {\n\t\t\t    width: 100% !important;\n\t\t\t}\n\t\t  <\/style>\n\t\t  ","protected":false},"excerpt":{"rendered":"<p>La RED Rionegrina de la Tercera Juventud continua capacitando a varias personas sobre \u00abEstafas, Violencias y Grooming\u00bb.&nbsp; Es importante que la sociedad tenga conocimiento sobre estos temas que hoy en d\u00eda nos involucran a todos.&nbsp; En esta oportunidad, la charla ser\u00e1 en la Ciudad de Fern\u00e1ndez Oro. Colaboran la Municipalidad de Fern\u00e1ndez Oro, el Ministerio [&hellip;]<\/p>\n","protected":false},"author":4,"featured_media":24998,"comment_status":"closed","ping_status":"closed","sticky":false,"template":"","format":"standard","meta":{"_joinchat":[],"footnotes":""},"categories":[39],"tags":[],"class_list":["post-24997","post","type-post","status-publish","format-standard","has-post-thumbnail","hentry","category-en-esta-seccion"],"_links":{"self":[{"href":"https:\/\/www.elpolitologoyelpolitico.com.ar\/wordpress\/wp-json\/wp\/v2\/posts\/24997","targetHints":{"allow":["GET"]}}],"collection":[{"href":"https:\/\/www.elpolitologoyelpolitico.com.ar\/wordpress\/wp-json\/wp\/v2\/posts"}],"about":[{"href":"https:\/\/www.elpolitologoyelpolitico.com.ar\/wordpress\/wp-json\/wp\/v2\/types\/post"}],"author":[{"embeddable":true,"href":"https:\/\/www.elpolitologoyelpolitico.com.ar\/wordpress\/wp-json\/wp\/v2\/users\/4"}],"replies":[{"embeddable":true,"href":"https:\/\/www.elpolitologoyelpolitico.com.ar\/wordpress\/wp-json\/wp\/v2\/comments?post=24997"}],"version-history":[{"count":0,"href":"https:\/\/www.elpolitologoyelpolitico.com.ar\/wordpress\/wp-json\/wp\/v2\/posts\/24997\/revisions"}],"wp:featuredmedia":[{"embeddable":true,"href":"https:\/\/www.elpolitologoyelpolitico.com.ar\/wordpress\/wp-json\/wp\/v2\/media\/24998"}],"wp:attachment":[{"href":"https:\/\/www.elpolitologoyelpolitico.com.ar\/wordpress\/wp-json\/wp\/v2\/media?parent=24997"}],"wp:term":[{"taxonomy":"category","embeddable":true,"href":"https:\/\/www.elpolitologoyelpolitico.com.ar\/wordpress\/wp-json\/wp\/v2\/categories?post=24997"},{"taxonomy":"post_tag","embeddable":true,"href":"https:\/\/www.elpolitologoyelpolitico.com.ar\/wordpress\/wp-json\/wp\/v2\/tags?post=24997"}],"curies":[{"name":"wp","href":"https:\/\/api.w.org\/{rel}","templated":true}]}}