{"id":24986,"date":"2022-09-30T00:51:28","date_gmt":"2022-09-30T00:51:28","guid":{"rendered":"https:\/\/www.elpolitologoyelpolitico.com.ar\/wordpress\/?p=24986"},"modified":"2022-09-30T00:52:14","modified_gmt":"2022-09-30T00:52:14","slug":"rio-negro-busca-retener-el-titulo-en-los-paraepade-y-paraaraucania","status":"publish","type":"post","link":"https:\/\/www.elpolitologoyelpolitico.com.ar\/wordpress\/2022\/09\/30\/rio-negro-busca-retener-el-titulo-en-los-paraepade-y-paraaraucania\/","title":{"rendered":"R\u00edo Negro busca retener el t\u00edtulo en los ParaEpade y ParaAraucan\u00eda"},"content":{"rendered":"\n<p>Esta semana, en Chubut, se desarrollar\u00e1n en simult\u00e1neo los ParaEpade y ParaAraucan\u00eda. Ambas competencias convocan a los atletas con discapacidad de la Patagonia argentina y el sur de Chile.<\/p>\n\n\n\n<p>Ambos eventos tienen lugar desde este martes 27 hasta el s\u00e1bado primero de octubre y contar\u00e1n con la participaci\u00f3n de Tierra del Fuego, Santa Cruz, Chubut, R\u00edo Negro, La Pampa y Neuqu\u00e9n en los ParaEpade, provincias a las que se sumar\u00e1n las regiones chilenas de Ays\u00e9n y B\u00edo B\u00edo en los ParaAraucan\u00eda.<\/p>\n\n\n\n<p>Las acciones se est\u00e1n llevando adelante en Esquel y Trevelin, localidades entre las que se distribuir\u00e1n las disciplinas de competencia: la primera albergar\u00e1 al atletismo, nataci\u00f3n y boccia y la segunda al b\u00e1squet en silla de ruedas (estas dos \u00faltimas disciplinas solo se disputan en los ParaEpade).<\/p>\n\n\n\n<p>En cuanto a los y las protagonistas de estas competencias, los ParaEpade convocan a deportistas de entre 16 y 21 a\u00f1os en atletismo y nataci\u00f3n, de 12 a 25 a\u00f1os en boccia y de 16 a 25 a\u00f1os en b\u00e1squet en silla de ruedas, mientras que los ParaAraucan\u00eda participan \u00fanicamente mayores de 16 a\u00f1os, sin l\u00edmite de edad.<\/p>\n\n\n\n<p>Se tratar\u00e1 de la segunda experiencia de los ParaAraucan\u00eda, dado que la primera tuvo lugar en Neuqu\u00e9n en 2019 y luego debi\u00f3 ser suspendida a causa de la pandemia por COVID-19. Por otra parte, ser\u00e1 la cuarta edici\u00f3n de los ParaEpade luego de La Pampa 2018, Chubut 2019 y nuevamente La Pampa 2021.<\/p>\n\n\n\n<p>Cabe destacar que R\u00edo Negro llega como el rival a destronar para el resto de las delegaciones ya que ostenta el t\u00edtulo de \u00fanico campe\u00f3n de ambos cert\u00e1menes, siendo tricampe\u00f3n de la competencia patag\u00f3nica y \u00fanico ganador del evento que suma tambi\u00e9n al sur chileno.<\/p>\n\n\n\n<p>Para llegar de la mejor manera a la cita, la Secretar\u00eda de Deporte junto al Ministerio de Desarrollo Humano y Articulaci\u00f3n Solidaria, pusieron en marcha selectivos a lo largo y ancho del territorio provincial a fin de brindarle la oportunidad a m\u00e1s atletas de participar y ganarse su lugar vistiendo los colores rionegrinos.<\/p>\n\n\n\n<figure class=\"wp-block-gallery has-nested-images columns-default is-cropped wp-block-gallery-1 is-layout-flex wp-block-gallery-is-layout-flex\">\n<figure class=\"wp-block-image size-large\"><img fetchpriority=\"high\" decoding=\"async\" width=\"768\" height=\"1024\" data-id=\"24988\" src=\"https:\/\/www.elpolitologoyelpolitico.com.ar\/wp-content\/uploads\/2022\/09\/IMG-20220929-WA0032-768x1024.jpg\" alt=\"\" class=\"wp-image-24988\" srcset=\"https:\/\/www.elpolitologoyelpolitico.com.ar\/wp-content\/uploads\/2022\/09\/IMG-20220929-WA0032-768x1024.jpg 768w, https:\/\/www.elpolitologoyelpolitico.com.ar\/wp-content\/uploads\/2022\/09\/IMG-20220929-WA0032-225x300.jpg 225w, https:\/\/www.elpolitologoyelpolitico.com.ar\/wp-content\/uploads\/2022\/09\/IMG-20220929-WA0032.jpg 960w\" sizes=\"(max-width: 768px) 100vw, 768px\" \/><\/figure>\n\n\n\n<figure class=\"wp-block-image size-large\"><img decoding=\"async\" width=\"1024\" height=\"768\" data-id=\"24989\" src=\"https:\/\/www.elpolitologoyelpolitico.com.ar\/wp-content\/uploads\/2022\/09\/IMG-20220929-WA0033-1024x768.jpg\" alt=\"\" class=\"wp-image-24989\" srcset=\"https:\/\/www.elpolitologoyelpolitico.com.ar\/wp-content\/uploads\/2022\/09\/IMG-20220929-WA0033-1024x768.jpg 1024w, https:\/\/www.elpolitologoyelpolitico.com.ar\/wp-content\/uploads\/2022\/09\/IMG-20220929-WA0033-300x225.jpg 300w, https:\/\/www.elpolitologoyelpolitico.com.ar\/wp-content\/uploads\/2022\/09\/IMG-20220929-WA0033-768x576.jpg 768w, https:\/\/www.elpolitologoyelpolitico.com.ar\/wp-content\/uploads\/2022\/09\/IMG-20220929-WA0033.jpg 1280w\" sizes=\"(max-width: 1024px) 100vw, 1024px\" \/><\/figure>\n<\/figure>\n<div class=\"fb-background-color\">\n\t\t\t  <div \n\t\t\t  \tclass = \"fb-comments\" \n\t\t\t  \tdata-href = \"https:\/\/www.elpolitologoyelpolitico.com.ar\/wordpress\/2022\/09\/30\/rio-negro-busca-retener-el-titulo-en-los-paraepade-y-paraaraucania\/\"\n\t\t\t  \tdata-numposts = \"10\"\n\t\t\t  \tdata-lazy = \"true\"\n\t\t\t\tdata-colorscheme = \"light\"\n\t\t\t\tdata-order-by = \"social\"\n\t\t\t\tdata-mobile=true>\n\t\t\t  <\/div><\/div>\n\t\t  <style>\n\t\t    .fb-background-color {\n\t\t\t\tbackground: #ffffff !important;\n\t\t\t}\n\t\t\t.fb_iframe_widget_fluid_desktop iframe {\n\t\t\t    width: 100% !important;\n\t\t\t}\n\t\t  <\/style>\n\t\t  ","protected":false},"excerpt":{"rendered":"<p>Esta semana, en Chubut, se desarrollar\u00e1n en simult\u00e1neo los ParaEpade y ParaAraucan\u00eda. Ambas competencias convocan a los atletas con discapacidad de la Patagonia argentina y el sur de Chile. Ambos eventos tienen lugar desde este martes 27 hasta el s\u00e1bado primero de octubre y contar\u00e1n con la participaci\u00f3n de Tierra del Fuego, Santa Cruz, Chubut, [&hellip;]<\/p>\n","protected":false},"author":4,"featured_media":24987,"comment_status":"closed","ping_status":"closed","sticky":false,"template":"","format":"standard","meta":{"_joinchat":[],"footnotes":""},"categories":[39],"tags":[],"class_list":["post-24986","post","type-post","status-publish","format-standard","has-post-thumbnail","hentry","category-en-esta-seccion"],"_links":{"self":[{"href":"https:\/\/www.elpolitologoyelpolitico.com.ar\/wordpress\/wp-json\/wp\/v2\/posts\/24986","targetHints":{"allow":["GET"]}}],"collection":[{"href":"https:\/\/www.elpolitologoyelpolitico.com.ar\/wordpress\/wp-json\/wp\/v2\/posts"}],"about":[{"href":"https:\/\/www.elpolitologoyelpolitico.com.ar\/wordpress\/wp-json\/wp\/v2\/types\/post"}],"author":[{"embeddable":true,"href":"https:\/\/www.elpolitologoyelpolitico.com.ar\/wordpress\/wp-json\/wp\/v2\/users\/4"}],"replies":[{"embeddable":true,"href":"https:\/\/www.elpolitologoyelpolitico.com.ar\/wordpress\/wp-json\/wp\/v2\/comments?post=24986"}],"version-history":[{"count":0,"href":"https:\/\/www.elpolitologoyelpolitico.com.ar\/wordpress\/wp-json\/wp\/v2\/posts\/24986\/revisions"}],"wp:featuredmedia":[{"embeddable":true,"href":"https:\/\/www.elpolitologoyelpolitico.com.ar\/wordpress\/wp-json\/wp\/v2\/media\/24987"}],"wp:attachment":[{"href":"https:\/\/www.elpolitologoyelpolitico.com.ar\/wordpress\/wp-json\/wp\/v2\/media?parent=24986"}],"wp:term":[{"taxonomy":"category","embeddable":true,"href":"https:\/\/www.elpolitologoyelpolitico.com.ar\/wordpress\/wp-json\/wp\/v2\/categories?post=24986"},{"taxonomy":"post_tag","embeddable":true,"href":"https:\/\/www.elpolitologoyelpolitico.com.ar\/wordpress\/wp-json\/wp\/v2\/tags?post=24986"}],"curies":[{"name":"wp","href":"https:\/\/api.w.org\/{rel}","templated":true}]}}