{"id":24979,"date":"2022-09-30T00:17:08","date_gmt":"2022-09-30T00:17:08","guid":{"rendered":"https:\/\/www.elpolitologoyelpolitico.com.ar\/wordpress\/?p=24979"},"modified":"2022-09-30T00:18:18","modified_gmt":"2022-09-30T00:18:18","slug":"ya-podes-anotarte-en-el-ciclo-de-formacion-de-genero-y-diversidad-con-puntaje-para-docentes","status":"publish","type":"post","link":"https:\/\/www.elpolitologoyelpolitico.com.ar\/wordpress\/2022\/09\/30\/ya-podes-anotarte-en-el-ciclo-de-formacion-de-genero-y-diversidad-con-puntaje-para-docentes\/","title":{"rendered":"Ya pod\u00e9s anotarte en el ciclo de formaci\u00f3n de G\u00e9nero y Diversidad con puntaje para docentes"},"content":{"rendered":"\n<p>Coordinado por la Subsecretar\u00eda de Igualdad de G\u00e9neros de Desarrollo Humano y Articulaci\u00f3n Solidaria, y el Instituto Provincial de la Administraci\u00f3n P\u00fablica \u2013IPAP-, comienza este viernes el ciclo de formaci\u00f3n sobre fortalecimiento de g\u00e9nero y diversidad.<\/p>\n\n\n\n<p>Los cursos virtuales comienzan este viernes, a trav\u00e9s de la plataforma de IPAP. Transformarnos en diversidad busca abordar, de una manera integral, la tem\u00e1tica de la perspectiva de g\u00e9neros.<\/p>\n\n\n\n<p>Se trata de doce encuentros virtuales, a trav\u00e9s de los cuales se abordar\u00e1n temas como masculinidades y relaciones de poder; violencia institucional y derechos de las personas LGTBIQ+; g\u00e9nero y medicina; procesos de transici\u00f3n en personas transg\u00e9neros y educaci\u00f3n ESI y diversidad sexual, entre otros.<\/p>\n\n\n\n<p>Cada curso es de inter\u00e9s educativo y otorga puntaje docente a las y los profesionales de la educaci\u00f3n que lo realicen.<\/p>\n\n\n\n<p>Aquellas personas interesadas en inscribirse, pueden hacerlo mediante el siguiente formulario: <a href=\"https:\/\/forms.gle\/MwiwQFJJiZ3Rxqs49\">https:\/\/forms.gle\/MwiwQFJJiZ3Rxqs49<\/a><\/p>\n\n\n\n<p>Por otro lado, para conocer sobre las diferentes propuestas y los d\u00edas y horarios en que se realizar\u00e1n, pueden ingresar a las redes sociales oficiales del Ministerio de Desarrollo Humano de R\u00edo Negro.<\/p>\n<div class=\"fb-background-color\">\n\t\t\t  <div \n\t\t\t  \tclass = \"fb-comments\" \n\t\t\t  \tdata-href = \"https:\/\/www.elpolitologoyelpolitico.com.ar\/wordpress\/2022\/09\/30\/ya-podes-anotarte-en-el-ciclo-de-formacion-de-genero-y-diversidad-con-puntaje-para-docentes\/\"\n\t\t\t  \tdata-numposts = \"10\"\n\t\t\t  \tdata-lazy = \"true\"\n\t\t\t\tdata-colorscheme = \"light\"\n\t\t\t\tdata-order-by = \"social\"\n\t\t\t\tdata-mobile=true>\n\t\t\t  <\/div><\/div>\n\t\t  <style>\n\t\t    .fb-background-color {\n\t\t\t\tbackground: #ffffff !important;\n\t\t\t}\n\t\t\t.fb_iframe_widget_fluid_desktop iframe {\n\t\t\t    width: 100% !important;\n\t\t\t}\n\t\t  <\/style>\n\t\t  ","protected":false},"excerpt":{"rendered":"<p>Coordinado por la Subsecretar\u00eda de Igualdad de G\u00e9neros de Desarrollo Humano y Articulaci\u00f3n Solidaria, y el Instituto Provincial de la Administraci\u00f3n P\u00fablica \u2013IPAP-, comienza este viernes el ciclo de formaci\u00f3n sobre fortalecimiento de g\u00e9nero y diversidad. Los cursos virtuales comienzan este viernes, a trav\u00e9s de la plataforma de IPAP. Transformarnos en diversidad busca abordar, de [&hellip;]<\/p>\n","protected":false},"author":4,"featured_media":24981,"comment_status":"closed","ping_status":"closed","sticky":false,"template":"","format":"standard","meta":{"_joinchat":[],"footnotes":""},"categories":[39],"tags":[],"class_list":["post-24979","post","type-post","status-publish","format-standard","has-post-thumbnail","hentry","category-en-esta-seccion"],"_links":{"self":[{"href":"https:\/\/www.elpolitologoyelpolitico.com.ar\/wordpress\/wp-json\/wp\/v2\/posts\/24979","targetHints":{"allow":["GET"]}}],"collection":[{"href":"https:\/\/www.elpolitologoyelpolitico.com.ar\/wordpress\/wp-json\/wp\/v2\/posts"}],"about":[{"href":"https:\/\/www.elpolitologoyelpolitico.com.ar\/wordpress\/wp-json\/wp\/v2\/types\/post"}],"author":[{"embeddable":true,"href":"https:\/\/www.elpolitologoyelpolitico.com.ar\/wordpress\/wp-json\/wp\/v2\/users\/4"}],"replies":[{"embeddable":true,"href":"https:\/\/www.elpolitologoyelpolitico.com.ar\/wordpress\/wp-json\/wp\/v2\/comments?post=24979"}],"version-history":[{"count":0,"href":"https:\/\/www.elpolitologoyelpolitico.com.ar\/wordpress\/wp-json\/wp\/v2\/posts\/24979\/revisions"}],"wp:featuredmedia":[{"embeddable":true,"href":"https:\/\/www.elpolitologoyelpolitico.com.ar\/wordpress\/wp-json\/wp\/v2\/media\/24981"}],"wp:attachment":[{"href":"https:\/\/www.elpolitologoyelpolitico.com.ar\/wordpress\/wp-json\/wp\/v2\/media?parent=24979"}],"wp:term":[{"taxonomy":"category","embeddable":true,"href":"https:\/\/www.elpolitologoyelpolitico.com.ar\/wordpress\/wp-json\/wp\/v2\/categories?post=24979"},{"taxonomy":"post_tag","embeddable":true,"href":"https:\/\/www.elpolitologoyelpolitico.com.ar\/wordpress\/wp-json\/wp\/v2\/tags?post=24979"}],"curies":[{"name":"wp","href":"https:\/\/api.w.org\/{rel}","templated":true}]}}