{"id":24967,"date":"2022-09-29T23:57:50","date_gmt":"2022-09-29T23:57:50","guid":{"rendered":"https:\/\/www.elpolitologoyelpolitico.com.ar\/wordpress\/?p=24967"},"modified":"2022-09-29T23:58:24","modified_gmt":"2022-09-29T23:58:24","slug":"jornada-recreativa-e-intercambio-de-figuritas-del-mundial-qatar-2022","status":"publish","type":"post","link":"https:\/\/www.elpolitologoyelpolitico.com.ar\/wordpress\/2022\/09\/29\/jornada-recreativa-e-intercambio-de-figuritas-del-mundial-qatar-2022\/","title":{"rendered":"Jornada recreativa e intercambio de figuritas del mundial Qatar 2022"},"content":{"rendered":"\n<p>De cara al Campeonato Mundial de F\u00fatbol Qatar 2022, este s\u00e1bado 1 de octubre, desde las 17hs en el Patio Salesiano de la Manzana Hist\u00f3rica una jornada a puro f\u00fatbol.<\/p>\n\n\n\n<p>En esta oportunidad habr\u00e1 intercambio de figuritas del mundial, metegoles, cancha inflable con metegol humano con diferentes torneos.<\/p>\n\n\n\n<p>Adem\u00e1s con obsequios, durante la jornada habr\u00e1 juegos con trivias sobre f\u00fatbol, canciones y eventos mundialistas, equipos participantes, campeones.<\/p>\n\n\n\n<p>Esta jornada es organizada por la Liga de Baby F\u00fatbol que lleva delante el \u00e1rea de Deportes municipal<\/p>\n<div class=\"fb-background-color\">\n\t\t\t  <div \n\t\t\t  \tclass = \"fb-comments\" \n\t\t\t  \tdata-href = \"https:\/\/www.elpolitologoyelpolitico.com.ar\/wordpress\/2022\/09\/29\/jornada-recreativa-e-intercambio-de-figuritas-del-mundial-qatar-2022\/\"\n\t\t\t  \tdata-numposts = \"10\"\n\t\t\t  \tdata-lazy = \"true\"\n\t\t\t\tdata-colorscheme = \"light\"\n\t\t\t\tdata-order-by = \"social\"\n\t\t\t\tdata-mobile=true>\n\t\t\t  <\/div><\/div>\n\t\t  <style>\n\t\t    .fb-background-color {\n\t\t\t\tbackground: #ffffff !important;\n\t\t\t}\n\t\t\t.fb_iframe_widget_fluid_desktop iframe {\n\t\t\t    width: 100% !important;\n\t\t\t}\n\t\t  <\/style>\n\t\t  ","protected":false},"excerpt":{"rendered":"<p>De cara al Campeonato Mundial de F\u00fatbol Qatar 2022, este s\u00e1bado 1 de octubre, desde las 17hs en el Patio Salesiano de la Manzana Hist\u00f3rica una jornada a puro f\u00fatbol. En esta oportunidad habr\u00e1 intercambio de figuritas del mundial, metegoles, cancha inflable con metegol humano con diferentes torneos. Adem\u00e1s con obsequios, durante la jornada habr\u00e1 [&hellip;]<\/p>\n","protected":false},"author":4,"featured_media":24968,"comment_status":"closed","ping_status":"closed","sticky":false,"template":"","format":"standard","meta":{"_joinchat":[],"footnotes":""},"categories":[39],"tags":[],"class_list":["post-24967","post","type-post","status-publish","format-standard","has-post-thumbnail","hentry","category-en-esta-seccion"],"_links":{"self":[{"href":"https:\/\/www.elpolitologoyelpolitico.com.ar\/wordpress\/wp-json\/wp\/v2\/posts\/24967","targetHints":{"allow":["GET"]}}],"collection":[{"href":"https:\/\/www.elpolitologoyelpolitico.com.ar\/wordpress\/wp-json\/wp\/v2\/posts"}],"about":[{"href":"https:\/\/www.elpolitologoyelpolitico.com.ar\/wordpress\/wp-json\/wp\/v2\/types\/post"}],"author":[{"embeddable":true,"href":"https:\/\/www.elpolitologoyelpolitico.com.ar\/wordpress\/wp-json\/wp\/v2\/users\/4"}],"replies":[{"embeddable":true,"href":"https:\/\/www.elpolitologoyelpolitico.com.ar\/wordpress\/wp-json\/wp\/v2\/comments?post=24967"}],"version-history":[{"count":0,"href":"https:\/\/www.elpolitologoyelpolitico.com.ar\/wordpress\/wp-json\/wp\/v2\/posts\/24967\/revisions"}],"wp:featuredmedia":[{"embeddable":true,"href":"https:\/\/www.elpolitologoyelpolitico.com.ar\/wordpress\/wp-json\/wp\/v2\/media\/24968"}],"wp:attachment":[{"href":"https:\/\/www.elpolitologoyelpolitico.com.ar\/wordpress\/wp-json\/wp\/v2\/media?parent=24967"}],"wp:term":[{"taxonomy":"category","embeddable":true,"href":"https:\/\/www.elpolitologoyelpolitico.com.ar\/wordpress\/wp-json\/wp\/v2\/categories?post=24967"},{"taxonomy":"post_tag","embeddable":true,"href":"https:\/\/www.elpolitologoyelpolitico.com.ar\/wordpress\/wp-json\/wp\/v2\/tags?post=24967"}],"curies":[{"name":"wp","href":"https:\/\/api.w.org\/{rel}","templated":true}]}}