{"id":24962,"date":"2022-09-29T23:48:17","date_gmt":"2022-09-29T23:48:17","guid":{"rendered":"https:\/\/www.elpolitologoyelpolitico.com.ar\/wordpress\/?p=24962"},"modified":"2022-09-29T23:48:49","modified_gmt":"2022-09-29T23:48:49","slug":"las-clases-de-zumba-de-movete-patagones-siguen-con-gran-exito-en-patagones","status":"publish","type":"post","link":"https:\/\/www.elpolitologoyelpolitico.com.ar\/wordpress\/2022\/09\/29\/las-clases-de-zumba-de-movete-patagones-siguen-con-gran-exito-en-patagones\/","title":{"rendered":"Las clases de Zumba de \u00abMovete Patagones\u00bb siguen con gran \u00e9xito en Patagones"},"content":{"rendered":"\n<p>Con m\u00e1s de 400 personas inscriptas en las distintas propuestas, el programa Movete Patagones contin\u00faa creciendo, en pos de ofrecer espacios para mejorar la calidad de vida y fomentar h\u00e1bitos saludables.&nbsp;<\/p>\n\n\n\n<p>Desde que traslad\u00f3 las clases de Zumba al gimnasio del Club Atenas, de Carmen de Patagones, el n\u00famero de participantes sigue en incremento cada semana.&nbsp;<\/p>\n\n\n\n<p>Desde el \u00e1rea de Coordinaci\u00f3n de Programas Sanitarios destacaron el constante crecimiento y la importante adhesi\u00f3n a la propuesta que se brinda gratuitamente todos los mi\u00e9rcoles y viernes de 16.30 a 17.30 horas.&nbsp;<\/p>\n\n\n\n<p>Es importante recordar que siguen abiertas las inscripciones y quienes quieran participar pueden comunicarse a los tel\u00e9fonos: 2920576667, 2920608913 y 2920412168 de 07 a 19 horas.<\/p>\n\n\n\n<p>El programa Movete Patagones est\u00e1 destinado al abordaje integral de pacientes con obesidad, hipertensi\u00f3n y diabetes y lo llevan adelante la Secretar\u00eda de Salud, a trav\u00e9s del \u00e1rea de Coordinaci\u00f3n de Programas Sanitarios y la Secretar\u00eda de Desarrollo Social, a trav\u00e9s de la Direcci\u00f3n de Deportes.<\/p>\n\n\n\n<figure class=\"wp-block-image size-full\"><img fetchpriority=\"high\" decoding=\"async\" width=\"720\" height=\"395\" src=\"https:\/\/www.elpolitologoyelpolitico.com.ar\/wp-content\/uploads\/2022\/09\/IMG-20220929-WA0028.jpg\" alt=\"\" class=\"wp-image-24964\" srcset=\"https:\/\/www.elpolitologoyelpolitico.com.ar\/wp-content\/uploads\/2022\/09\/IMG-20220929-WA0028.jpg 720w, https:\/\/www.elpolitologoyelpolitico.com.ar\/wp-content\/uploads\/2022\/09\/IMG-20220929-WA0028-300x165.jpg 300w\" sizes=\"(max-width: 720px) 100vw, 720px\" \/><\/figure>\n<div class=\"fb-background-color\">\n\t\t\t  <div \n\t\t\t  \tclass = \"fb-comments\" \n\t\t\t  \tdata-href = \"https:\/\/www.elpolitologoyelpolitico.com.ar\/wordpress\/2022\/09\/29\/las-clases-de-zumba-de-movete-patagones-siguen-con-gran-exito-en-patagones\/\"\n\t\t\t  \tdata-numposts = \"10\"\n\t\t\t  \tdata-lazy = \"true\"\n\t\t\t\tdata-colorscheme = \"light\"\n\t\t\t\tdata-order-by = \"social\"\n\t\t\t\tdata-mobile=true>\n\t\t\t  <\/div><\/div>\n\t\t  <style>\n\t\t    .fb-background-color {\n\t\t\t\tbackground: #ffffff !important;\n\t\t\t}\n\t\t\t.fb_iframe_widget_fluid_desktop iframe {\n\t\t\t    width: 100% !important;\n\t\t\t}\n\t\t  <\/style>\n\t\t  ","protected":false},"excerpt":{"rendered":"<p>Con m\u00e1s de 400 personas inscriptas en las distintas propuestas, el programa Movete Patagones contin\u00faa creciendo, en pos de ofrecer espacios para mejorar la calidad de vida y fomentar h\u00e1bitos saludables.&nbsp; Desde que traslad\u00f3 las clases de Zumba al gimnasio del Club Atenas, de Carmen de Patagones, el n\u00famero de participantes sigue en incremento cada [&hellip;]<\/p>\n","protected":false},"author":4,"featured_media":24963,"comment_status":"closed","ping_status":"closed","sticky":false,"template":"","format":"standard","meta":{"_joinchat":[],"footnotes":""},"categories":[39],"tags":[],"class_list":["post-24962","post","type-post","status-publish","format-standard","has-post-thumbnail","hentry","category-en-esta-seccion"],"_links":{"self":[{"href":"https:\/\/www.elpolitologoyelpolitico.com.ar\/wordpress\/wp-json\/wp\/v2\/posts\/24962","targetHints":{"allow":["GET"]}}],"collection":[{"href":"https:\/\/www.elpolitologoyelpolitico.com.ar\/wordpress\/wp-json\/wp\/v2\/posts"}],"about":[{"href":"https:\/\/www.elpolitologoyelpolitico.com.ar\/wordpress\/wp-json\/wp\/v2\/types\/post"}],"author":[{"embeddable":true,"href":"https:\/\/www.elpolitologoyelpolitico.com.ar\/wordpress\/wp-json\/wp\/v2\/users\/4"}],"replies":[{"embeddable":true,"href":"https:\/\/www.elpolitologoyelpolitico.com.ar\/wordpress\/wp-json\/wp\/v2\/comments?post=24962"}],"version-history":[{"count":0,"href":"https:\/\/www.elpolitologoyelpolitico.com.ar\/wordpress\/wp-json\/wp\/v2\/posts\/24962\/revisions"}],"wp:featuredmedia":[{"embeddable":true,"href":"https:\/\/www.elpolitologoyelpolitico.com.ar\/wordpress\/wp-json\/wp\/v2\/media\/24963"}],"wp:attachment":[{"href":"https:\/\/www.elpolitologoyelpolitico.com.ar\/wordpress\/wp-json\/wp\/v2\/media?parent=24962"}],"wp:term":[{"taxonomy":"category","embeddable":true,"href":"https:\/\/www.elpolitologoyelpolitico.com.ar\/wordpress\/wp-json\/wp\/v2\/categories?post=24962"},{"taxonomy":"post_tag","embeddable":true,"href":"https:\/\/www.elpolitologoyelpolitico.com.ar\/wordpress\/wp-json\/wp\/v2\/tags?post=24962"}],"curies":[{"name":"wp","href":"https:\/\/api.w.org\/{rel}","templated":true}]}}