{"id":24956,"date":"2022-09-29T23:39:04","date_gmt":"2022-09-29T23:39:04","guid":{"rendered":"https:\/\/www.elpolitologoyelpolitico.com.ar\/wordpress\/?p=24956"},"modified":"2022-09-29T23:39:51","modified_gmt":"2022-09-29T23:39:51","slug":"avanzan-obras-para-vincular-todos-los-sectores-del-parque-ferreira","status":"publish","type":"post","link":"https:\/\/www.elpolitologoyelpolitico.com.ar\/wordpress\/2022\/09\/29\/avanzan-obras-para-vincular-todos-los-sectores-del-parque-ferreira\/","title":{"rendered":"Avanzan obras para vincular todos los sectores del Parque Ferreira"},"content":{"rendered":"\n<p>&nbsp;&nbsp;El Gobierno de Viedma avanza en las obras de jerarquizaci\u00f3n del Parque Ferreira, con el objetivo de convertirlo en un espacio seguro, inclusivo, accesible y ambientalmente sano para todos los vecinos y vecinas de la ciudad.<\/p>\n\n\n\n<p>Se trata del lugar elegido por la gran mayor\u00eda de los viedmenses como el punto de encuentro.<\/p>\n\n\n\n<p>Por ello, se dispuso una serie de obras que permitan vincular todos los sectores del amplio parque.<\/p>\n\n\n\n<p>En la actualidad, avanza a buen ritmo la construcci\u00f3n del \u00abJard\u00edn del Guernica\u00bb, frente al Paseo Gastron\u00f3mico, del lado del r\u00edo, que incluir\u00e1 un sector complementario al de los carritos con escalinatas y espacios para el descanso, y otro con una platea que oficiar\u00e1 como escenario, con la inclusi\u00f3n de fondo de un muro en el que se se recrear\u00e1 -con artistas locales- el \u00abMural de Guernica\u00bb, una pintura de Pablo Picasso realizada en 1937 que constituye una alegor\u00eda al bombardeo producido ese a\u00f1o en la ciudad de Guernica, en el marco de la Guerra Civil espa\u00f1ola.<\/p>\n\n\n\n<p>\u00abEl objetivo es concretar el encuentro de dos lugares claramente definidos, por un lado el Paseo Gastron\u00f3mico y por el otro un lugar para el descanso, la lectura y la posibilidad de disfrutar de un espect\u00e1culo art\u00edstico\u00bb, dijo Gast\u00f3n Renda, secretario de Desarrollo Territorial, H\u00e1bitat y Obras P\u00fablicas de la Municipalidad de Viedma.<\/p>\n\n\n\n<p>Explic\u00f3 que la nueva obra incluye la ejecuci\u00f3n de un pasaje peatonal sobre la avenida Costanera, que servir\u00e1 tambi\u00e9n como atenuador de velocidad, y permitir\u00e1 conectar con una senda elevada el sector gastron\u00f3mico con el Jard\u00edn de Guernica.<\/p>\n\n\n\n<p><strong>M\u00e1s obras<\/strong><\/p>\n\n\n\n<p>M\u00e1s obras se realizaron y otras est\u00e1n en ejecuci\u00f3n. Se avanz\u00f3 en la construcci\u00f3n de veredas para conectar el Paseo Gastron\u00f3mico con el sector deportivo que incluye la cancha de b\u00e1squet, el play\u00f3n de arena y el circuito de calistenia.<\/p>\n\n\n\n<p>Tambi\u00e9n se realizan obras de saneamiento para disponer la correcta evacuaci\u00f3n de los l\u00edquidos cloacales en el sector de los carritos.<\/p>\n\n\n\n<p>Renda record\u00f3 que la idea del Muro de Guernica fue solicitada por el intendente Pedro Pesatti a partir del deseo de la Asociaci\u00f3n Vasca con sede en Viedma.<\/p>\n\n\n\n<p>\u00abSer\u00e1 un s\u00edmbolo de paz y podr\u00e1 ser utilizado por las escuelas para fines de estudio\u00bb, finaliz\u00f3 Renda.<\/p>\n\n\n\n<figure class=\"wp-block-gallery has-nested-images columns-default is-cropped wp-block-gallery-1 is-layout-flex wp-block-gallery-is-layout-flex\">\n<figure class=\"wp-block-image size-large\"><img fetchpriority=\"high\" decoding=\"async\" width=\"720\" height=\"476\" data-id=\"24958\" src=\"https:\/\/www.elpolitologoyelpolitico.com.ar\/wp-content\/uploads\/2022\/09\/IMG-20220929-WA0024.jpg\" alt=\"\" class=\"wp-image-24958\" srcset=\"https:\/\/www.elpolitologoyelpolitico.com.ar\/wp-content\/uploads\/2022\/09\/IMG-20220929-WA0024.jpg 720w, https:\/\/www.elpolitologoyelpolitico.com.ar\/wp-content\/uploads\/2022\/09\/IMG-20220929-WA0024-300x198.jpg 300w\" sizes=\"(max-width: 720px) 100vw, 720px\" \/><\/figure>\n\n\n\n<figure class=\"wp-block-image size-large\"><img decoding=\"async\" width=\"720\" height=\"481\" data-id=\"24959\" src=\"https:\/\/www.elpolitologoyelpolitico.com.ar\/wp-content\/uploads\/2022\/09\/IMG-20220929-WA0025.jpg\" alt=\"\" class=\"wp-image-24959\" srcset=\"https:\/\/www.elpolitologoyelpolitico.com.ar\/wp-content\/uploads\/2022\/09\/IMG-20220929-WA0025.jpg 720w, https:\/\/www.elpolitologoyelpolitico.com.ar\/wp-content\/uploads\/2022\/09\/IMG-20220929-WA0025-300x200.jpg 300w\" sizes=\"(max-width: 720px) 100vw, 720px\" \/><\/figure>\n<\/figure>\n<div class=\"fb-background-color\">\n\t\t\t  <div \n\t\t\t  \tclass = \"fb-comments\" \n\t\t\t  \tdata-href = \"https:\/\/www.elpolitologoyelpolitico.com.ar\/wordpress\/2022\/09\/29\/avanzan-obras-para-vincular-todos-los-sectores-del-parque-ferreira\/\"\n\t\t\t  \tdata-numposts = \"10\"\n\t\t\t  \tdata-lazy = \"true\"\n\t\t\t\tdata-colorscheme = \"light\"\n\t\t\t\tdata-order-by = \"social\"\n\t\t\t\tdata-mobile=true>\n\t\t\t  <\/div><\/div>\n\t\t  <style>\n\t\t    .fb-background-color {\n\t\t\t\tbackground: #ffffff !important;\n\t\t\t}\n\t\t\t.fb_iframe_widget_fluid_desktop iframe {\n\t\t\t    width: 100% !important;\n\t\t\t}\n\t\t  <\/style>\n\t\t  ","protected":false},"excerpt":{"rendered":"<p>&nbsp;&nbsp;El Gobierno de Viedma avanza en las obras de jerarquizaci\u00f3n del Parque Ferreira, con el objetivo de convertirlo en un espacio seguro, inclusivo, accesible y ambientalmente sano para todos los vecinos y vecinas de la ciudad. Se trata del lugar elegido por la gran mayor\u00eda de los viedmenses como el punto de encuentro. Por ello, [&hellip;]<\/p>\n","protected":false},"author":4,"featured_media":24957,"comment_status":"closed","ping_status":"closed","sticky":false,"template":"","format":"standard","meta":{"_joinchat":[],"footnotes":""},"categories":[4],"tags":[],"class_list":["post-24956","post","type-post","status-publish","format-standard","has-post-thumbnail","hentry","category-politicas-publicas"],"_links":{"self":[{"href":"https:\/\/www.elpolitologoyelpolitico.com.ar\/wordpress\/wp-json\/wp\/v2\/posts\/24956","targetHints":{"allow":["GET"]}}],"collection":[{"href":"https:\/\/www.elpolitologoyelpolitico.com.ar\/wordpress\/wp-json\/wp\/v2\/posts"}],"about":[{"href":"https:\/\/www.elpolitologoyelpolitico.com.ar\/wordpress\/wp-json\/wp\/v2\/types\/post"}],"author":[{"embeddable":true,"href":"https:\/\/www.elpolitologoyelpolitico.com.ar\/wordpress\/wp-json\/wp\/v2\/users\/4"}],"replies":[{"embeddable":true,"href":"https:\/\/www.elpolitologoyelpolitico.com.ar\/wordpress\/wp-json\/wp\/v2\/comments?post=24956"}],"version-history":[{"count":0,"href":"https:\/\/www.elpolitologoyelpolitico.com.ar\/wordpress\/wp-json\/wp\/v2\/posts\/24956\/revisions"}],"wp:featuredmedia":[{"embeddable":true,"href":"https:\/\/www.elpolitologoyelpolitico.com.ar\/wordpress\/wp-json\/wp\/v2\/media\/24957"}],"wp:attachment":[{"href":"https:\/\/www.elpolitologoyelpolitico.com.ar\/wordpress\/wp-json\/wp\/v2\/media?parent=24956"}],"wp:term":[{"taxonomy":"category","embeddable":true,"href":"https:\/\/www.elpolitologoyelpolitico.com.ar\/wordpress\/wp-json\/wp\/v2\/categories?post=24956"},{"taxonomy":"post_tag","embeddable":true,"href":"https:\/\/www.elpolitologoyelpolitico.com.ar\/wordpress\/wp-json\/wp\/v2\/tags?post=24956"}],"curies":[{"name":"wp","href":"https:\/\/api.w.org\/{rel}","templated":true}]}}