{"id":24947,"date":"2022-09-29T02:28:48","date_gmt":"2022-09-29T02:28:48","guid":{"rendered":"https:\/\/www.elpolitologoyelpolitico.com.ar\/wordpress\/?p=24947"},"modified":"2022-09-29T02:29:40","modified_gmt":"2022-09-29T02:29:40","slug":"pinta-y-lucero-corren-en-el-campeonato-mundial-de-portugal","status":"publish","type":"post","link":"https:\/\/www.elpolitologoyelpolitico.com.ar\/wordpress\/2022\/09\/29\/pinta-y-lucero-corren-en-el-campeonato-mundial-de-portugal\/","title":{"rendered":"Pinta y Lucero corren en el Campeonato Mundial de Portugal"},"content":{"rendered":"\n<p>La dupla de Facundo Lucero y Dami\u00e1n Pinta que representan al Club N\u00e1utico La Ribera y la Escuela Municipal de Patagones estar\u00e1n corriendo su primer Campeonato del Mundo en la modalidad marat\u00f3n que se disputar\u00e1 en Ponte de Lima, Portugal.&nbsp;<\/p>\n\n\n\n<p>Este domingo 2 de octubre a las 10hs Argentina y 14hs Portugal correr\u00e1n en su categor\u00eda categor\u00eda K2 Senior.<\/p>\n\n\n\n<p>El siguiente link es para ver la competencia en vivo &nbsp; <a href=\"https:\/\/bit.ly\/3E2qFH8\">https:\/\/bit.ly\/3E2qFH8<\/a><\/p>\n\n\n\n<p>A continuaci\u00f3n, todos los horarios para que sigas el paso a paso de este Campeonato Mundial\u00a0 <a href=\"https:\/\/bit.ly\/3Sn7wEe\">https:\/\/bit.ly\/3Sn7wEe<\/a><\/p>\n\n\n\n<figure class=\"wp-block-image size-full\"><img fetchpriority=\"high\" decoding=\"async\" width=\"720\" height=\"945\" src=\"https:\/\/www.elpolitologoyelpolitico.com.ar\/wp-content\/uploads\/2022\/09\/IMG-20220928-WA0026.jpg\" alt=\"\" class=\"wp-image-24949\" srcset=\"https:\/\/www.elpolitologoyelpolitico.com.ar\/wp-content\/uploads\/2022\/09\/IMG-20220928-WA0026.jpg 720w, https:\/\/www.elpolitologoyelpolitico.com.ar\/wp-content\/uploads\/2022\/09\/IMG-20220928-WA0026-229x300.jpg 229w\" sizes=\"(max-width: 720px) 100vw, 720px\" \/><\/figure>\n<div class=\"fb-background-color\">\n\t\t\t  <div \n\t\t\t  \tclass = \"fb-comments\" \n\t\t\t  \tdata-href = \"https:\/\/www.elpolitologoyelpolitico.com.ar\/wordpress\/2022\/09\/29\/pinta-y-lucero-corren-en-el-campeonato-mundial-de-portugal\/\"\n\t\t\t  \tdata-numposts = \"10\"\n\t\t\t  \tdata-lazy = \"true\"\n\t\t\t\tdata-colorscheme = \"light\"\n\t\t\t\tdata-order-by = \"social\"\n\t\t\t\tdata-mobile=true>\n\t\t\t  <\/div><\/div>\n\t\t  <style>\n\t\t    .fb-background-color {\n\t\t\t\tbackground: #ffffff !important;\n\t\t\t}\n\t\t\t.fb_iframe_widget_fluid_desktop iframe {\n\t\t\t    width: 100% !important;\n\t\t\t}\n\t\t  <\/style>\n\t\t  ","protected":false},"excerpt":{"rendered":"<p>La dupla de Facundo Lucero y Dami\u00e1n Pinta que representan al Club N\u00e1utico La Ribera y la Escuela Municipal de Patagones estar\u00e1n corriendo su primer Campeonato del Mundo en la modalidad marat\u00f3n que se disputar\u00e1 en Ponte de Lima, Portugal.&nbsp; Este domingo 2 de octubre a las 10hs Argentina y 14hs Portugal correr\u00e1n en su [&hellip;]<\/p>\n","protected":false},"author":4,"featured_media":24948,"comment_status":"closed","ping_status":"closed","sticky":false,"template":"","format":"standard","meta":{"_joinchat":[],"footnotes":""},"categories":[39],"tags":[],"class_list":["post-24947","post","type-post","status-publish","format-standard","has-post-thumbnail","hentry","category-en-esta-seccion"],"_links":{"self":[{"href":"https:\/\/www.elpolitologoyelpolitico.com.ar\/wordpress\/wp-json\/wp\/v2\/posts\/24947","targetHints":{"allow":["GET"]}}],"collection":[{"href":"https:\/\/www.elpolitologoyelpolitico.com.ar\/wordpress\/wp-json\/wp\/v2\/posts"}],"about":[{"href":"https:\/\/www.elpolitologoyelpolitico.com.ar\/wordpress\/wp-json\/wp\/v2\/types\/post"}],"author":[{"embeddable":true,"href":"https:\/\/www.elpolitologoyelpolitico.com.ar\/wordpress\/wp-json\/wp\/v2\/users\/4"}],"replies":[{"embeddable":true,"href":"https:\/\/www.elpolitologoyelpolitico.com.ar\/wordpress\/wp-json\/wp\/v2\/comments?post=24947"}],"version-history":[{"count":0,"href":"https:\/\/www.elpolitologoyelpolitico.com.ar\/wordpress\/wp-json\/wp\/v2\/posts\/24947\/revisions"}],"wp:featuredmedia":[{"embeddable":true,"href":"https:\/\/www.elpolitologoyelpolitico.com.ar\/wordpress\/wp-json\/wp\/v2\/media\/24948"}],"wp:attachment":[{"href":"https:\/\/www.elpolitologoyelpolitico.com.ar\/wordpress\/wp-json\/wp\/v2\/media?parent=24947"}],"wp:term":[{"taxonomy":"category","embeddable":true,"href":"https:\/\/www.elpolitologoyelpolitico.com.ar\/wordpress\/wp-json\/wp\/v2\/categories?post=24947"},{"taxonomy":"post_tag","embeddable":true,"href":"https:\/\/www.elpolitologoyelpolitico.com.ar\/wordpress\/wp-json\/wp\/v2\/tags?post=24947"}],"curies":[{"name":"wp","href":"https:\/\/api.w.org\/{rel}","templated":true}]}}