{"id":24942,"date":"2022-09-29T01:56:14","date_gmt":"2022-09-29T01:56:14","guid":{"rendered":"https:\/\/www.elpolitologoyelpolitico.com.ar\/wordpress\/?p=24942"},"modified":"2022-09-29T01:57:17","modified_gmt":"2022-09-29T01:57:17","slug":"javier-reyes-llego-a-patagones-por-la-situacion-del-agua-y-obras-que-no-se-realizaron","status":"publish","type":"post","link":"https:\/\/www.elpolitologoyelpolitico.com.ar\/wordpress\/2022\/09\/29\/javier-reyes-llego-a-patagones-por-la-situacion-del-agua-y-obras-que-no-se-realizaron\/","title":{"rendered":"Javier Reyes lleg\u00f3 a Patagones por la situaci\u00f3n del Agua y Obras que no se realizaron"},"content":{"rendered":"\n<p>El Presidente de AIC, Javier Reyes lleg\u00f3 a Carmen de Patagones, \u00e9ste mi\u00e9rcoles, para reunirse con la Comisi\u00f3n para Aprovechamiento de Aguas del Rio Negro, y diagramar acciones a seguir.&nbsp;<\/p>\n\n\n\n<p>El Presidente del HCD, junto a Reyes, realizaron una recopilaci\u00f3n de la informaci\u00f3n a la que se pudo acceder en los \u00faltimos d\u00edas, como la s\u00edntesis de financiamiento de proyectos, Informes ETHAC, sobre el manejo de aguas y la cuantificaci\u00f3n de las obras que se debieron llevar adelante por etapas. y no se hicieron.<\/p>\n\n\n\n<p>En esta oportunidad, Reyes dejo en claro que la AIC se financia con el cobro de c\u00e1nones, y atraviesa una muy dif\u00edcil situaci\u00f3n financiera, con un importante d\u00e9ficit y que deben ser auxiliados por el Gobierno Nacional.&nbsp;<\/p>\n\n\n\n<p>El objetivo para el pr\u00f3ximo a\u00f1o es licitar uno de los proyectos, el m\u00e1s encaminado es el que fue aprobado en 2018, que presentara oportunamente, Haroldo Lebed a la AIC, que ha sufrido modificaciones y actualizaciones, consumiendo unos 6 metros c\u00fabicos de agua.&nbsp;<\/p>\n\n\n\n<p>Se conform\u00f3 agenda, para solicitar audiencia con el Subsecretario de Recursos H\u00eddricos Ingeniero Guillermo Jelinski, de la Subsecretar\u00eda de Planificaci\u00f3n y Evaluaci\u00f3n de Infraestructura para evaluar y presentar proyectos. Queda claro que los estudios est\u00e1n realizados y los proyectos encaminados, ahora se debe trabajar para lograr la financiaci\u00f3n del proyecto que se seleccione.&nbsp;<\/p>\n\n\n\n<p>Participaron del encuentro, Julio Costantino, Presidente del HCD, Javier Reyes, Presidente de AIC, los Concejales Diego Stainnekker, Ricardo Angos, Ariel Zvenger, Eliana Correa, Mariel Cinirella, Marcelo Honcharuk, Santiago Dalmau. Elo\u00edsa Gaido, Subsecretaria de Desarrollo Territorial, Juan Luis Aldo ambientalista, Jorge Waisman de la Asociaci\u00f3n Agr\u00edcola Ganadera e Industrial de Villalonga, Juli\u00e1n Goldaracena de la Asociaci\u00f3n Rural de Patagones. El arquitecto Alfredo Ruiz, Edgardo V\u00e1zquez, vecino de Stroeder, Miguel \u00c1ngel Cantamutto, Director. Estaci\u00f3n Experimental Agropecuaria Hilario Ascasubi y Alberto Rodr\u00edguez, productor.\u00a0<\/p>\n\n\n\n<figure class=\"wp-block-gallery has-nested-images columns-default is-cropped wp-block-gallery-1 is-layout-flex wp-block-gallery-is-layout-flex\">\n<figure class=\"wp-block-image size-large\"><img fetchpriority=\"high\" decoding=\"async\" width=\"720\" height=\"477\" data-id=\"24944\" src=\"https:\/\/www.elpolitologoyelpolitico.com.ar\/wp-content\/uploads\/2022\/09\/IMG-20220928-WA0025.jpg\" alt=\"\" class=\"wp-image-24944\" srcset=\"https:\/\/www.elpolitologoyelpolitico.com.ar\/wp-content\/uploads\/2022\/09\/IMG-20220928-WA0025.jpg 720w, https:\/\/www.elpolitologoyelpolitico.com.ar\/wp-content\/uploads\/2022\/09\/IMG-20220928-WA0025-300x199.jpg 300w\" sizes=\"(max-width: 720px) 100vw, 720px\" \/><\/figure>\n<\/figure>\n<div class=\"fb-background-color\">\n\t\t\t  <div \n\t\t\t  \tclass = \"fb-comments\" \n\t\t\t  \tdata-href = \"https:\/\/www.elpolitologoyelpolitico.com.ar\/wordpress\/2022\/09\/29\/javier-reyes-llego-a-patagones-por-la-situacion-del-agua-y-obras-que-no-se-realizaron\/\"\n\t\t\t  \tdata-numposts = \"10\"\n\t\t\t  \tdata-lazy = \"true\"\n\t\t\t\tdata-colorscheme = \"light\"\n\t\t\t\tdata-order-by = \"social\"\n\t\t\t\tdata-mobile=true>\n\t\t\t  <\/div><\/div>\n\t\t  <style>\n\t\t    .fb-background-color {\n\t\t\t\tbackground: #ffffff !important;\n\t\t\t}\n\t\t\t.fb_iframe_widget_fluid_desktop iframe {\n\t\t\t    width: 100% !important;\n\t\t\t}\n\t\t  <\/style>\n\t\t  ","protected":false},"excerpt":{"rendered":"<p>El Presidente de AIC, Javier Reyes lleg\u00f3 a Carmen de Patagones, \u00e9ste mi\u00e9rcoles, para reunirse con la Comisi\u00f3n para Aprovechamiento de Aguas del Rio Negro, y diagramar acciones a seguir.&nbsp; El Presidente del HCD, junto a Reyes, realizaron una recopilaci\u00f3n de la informaci\u00f3n a la que se pudo acceder en los \u00faltimos d\u00edas, como la [&hellip;]<\/p>\n","protected":false},"author":4,"featured_media":24943,"comment_status":"closed","ping_status":"closed","sticky":false,"template":"","format":"standard","meta":{"_joinchat":[],"footnotes":""},"categories":[39],"tags":[],"class_list":["post-24942","post","type-post","status-publish","format-standard","has-post-thumbnail","hentry","category-en-esta-seccion"],"_links":{"self":[{"href":"https:\/\/www.elpolitologoyelpolitico.com.ar\/wordpress\/wp-json\/wp\/v2\/posts\/24942","targetHints":{"allow":["GET"]}}],"collection":[{"href":"https:\/\/www.elpolitologoyelpolitico.com.ar\/wordpress\/wp-json\/wp\/v2\/posts"}],"about":[{"href":"https:\/\/www.elpolitologoyelpolitico.com.ar\/wordpress\/wp-json\/wp\/v2\/types\/post"}],"author":[{"embeddable":true,"href":"https:\/\/www.elpolitologoyelpolitico.com.ar\/wordpress\/wp-json\/wp\/v2\/users\/4"}],"replies":[{"embeddable":true,"href":"https:\/\/www.elpolitologoyelpolitico.com.ar\/wordpress\/wp-json\/wp\/v2\/comments?post=24942"}],"version-history":[{"count":0,"href":"https:\/\/www.elpolitologoyelpolitico.com.ar\/wordpress\/wp-json\/wp\/v2\/posts\/24942\/revisions"}],"wp:featuredmedia":[{"embeddable":true,"href":"https:\/\/www.elpolitologoyelpolitico.com.ar\/wordpress\/wp-json\/wp\/v2\/media\/24943"}],"wp:attachment":[{"href":"https:\/\/www.elpolitologoyelpolitico.com.ar\/wordpress\/wp-json\/wp\/v2\/media?parent=24942"}],"wp:term":[{"taxonomy":"category","embeddable":true,"href":"https:\/\/www.elpolitologoyelpolitico.com.ar\/wordpress\/wp-json\/wp\/v2\/categories?post=24942"},{"taxonomy":"post_tag","embeddable":true,"href":"https:\/\/www.elpolitologoyelpolitico.com.ar\/wordpress\/wp-json\/wp\/v2\/tags?post=24942"}],"curies":[{"name":"wp","href":"https:\/\/api.w.org\/{rel}","templated":true}]}}