{"id":24936,"date":"2022-09-28T17:39:07","date_gmt":"2022-09-28T17:39:07","guid":{"rendered":"https:\/\/www.elpolitologoyelpolitico.com.ar\/wordpress\/?p=24936"},"modified":"2022-09-28T17:39:58","modified_gmt":"2022-09-28T17:39:58","slug":"el-intendente-zara-visito-la-obra-de-construccion-del-edificio-de-patologias-en-el-hospital-ecay","status":"publish","type":"post","link":"https:\/\/www.elpolitologoyelpolitico.com.ar\/wordpress\/2022\/09\/28\/el-intendente-zara-visito-la-obra-de-construccion-del-edificio-de-patologias-en-el-hospital-ecay\/","title":{"rendered":"El Intendente Zara visit\u00f3 la obra de construcci\u00f3n del edificio de patolog\u00edas en el hospital Ecay"},"content":{"rendered":"\n<p>El Intendente Municipal, Ing. Jos\u00e9 Luis Zara, visit\u00f3 la obra de construcci\u00f3n del edificio de Patolog\u00eda que se encuentra dentro del predio del Hospital \u201cPedro Ecay\u201d en Carmen de Patagones.<\/p>\n\n\n\n<p>El jefe comunal estuvo acompa\u00f1ado por el Secretario y el subsecretario de Obras P\u00fablicas, Jorge Isaac y Roberto Haure, respectivamente, el Secretario y la Subsecretaria de Salud, Edgardo Jalabert y M\u00f3nica Mucha, y el Director del hospital, Adri\u00e1n Maggio.&nbsp;<\/p>\n\n\n\n<p>En la oportunidad, el jefe comunal destac\u00f3 los avances en la obra, que conlleva una inversi\u00f3n de m\u00e1s de diez millones de pesos y contempla la construcci\u00f3n de una superficie de m\u00e1s de 93.50 m2 cubiertos y 5m2 semicubiertos, donde se construir\u00e1 la recepci\u00f3n, una oficina de Micro, una de Macro, laboratorio, dep\u00f3sito, archivo, ba\u00f1o y oficce.<\/p>\n\n\n\n<p>La construcci\u00f3n se realizar\u00e1 de manera tradicional con estructura de hormig\u00f3n armado, mamposter\u00eda de ladrillo hueco del 18 para exteriores. Revoque grueso y fino correspondiente. Carpinter\u00edas en aluminio prepintado blanco. Divisiones interiores en placas de yeso, cubierta de chapa acanalada, con tiranter\u00eda met\u00e1lica, en un sector y losa de vigueta tipo shap en el sector de recepci\u00f3n ba\u00f1os y micro. Posterior ejecuci\u00f3n de cielorraso suspendido desmontable modular ign\u00edfugo, para una mejor ejecuci\u00f3n de las instalaciones y correctas condiciones de seguridad.<\/p>\n\n\n\n<p>El edificio tendr\u00e1 pisos y revestimientos en porcelanato y cer\u00e1mica y z\u00f3calos sanitarios del mismo material que los pisos. Se construir\u00e1n adem\u00e1s un sanitario y cocina para el personal.<\/p>\n\n\n\n<p>Cabe se\u00f1alar que el nuevo edificio se concretar\u00e1 teniendo en cuenta que el actual se encuentra en estado de riesgo de derrumbe. La nueva ubicaci\u00f3n ser\u00e1 por calle Bynon, entre J.D. Per\u00f3n y Lavalle.<\/p>\n\n\n\n<figure class=\"wp-block-gallery has-nested-images columns-default is-cropped wp-block-gallery-1 is-layout-flex wp-block-gallery-is-layout-flex\">\n<figure class=\"wp-block-image size-large\"><img fetchpriority=\"high\" decoding=\"async\" width=\"720\" height=\"468\" data-id=\"24938\" src=\"https:\/\/www.elpolitologoyelpolitico.com.ar\/wp-content\/uploads\/2022\/09\/IMG-20220928-WA0020.jpg\" alt=\"\" class=\"wp-image-24938\" srcset=\"https:\/\/www.elpolitologoyelpolitico.com.ar\/wp-content\/uploads\/2022\/09\/IMG-20220928-WA0020.jpg 720w, https:\/\/www.elpolitologoyelpolitico.com.ar\/wp-content\/uploads\/2022\/09\/IMG-20220928-WA0020-300x195.jpg 300w\" sizes=\"(max-width: 720px) 100vw, 720px\" \/><\/figure>\n\n\n\n<figure class=\"wp-block-image size-large\"><img decoding=\"async\" width=\"720\" height=\"532\" data-id=\"24939\" src=\"https:\/\/www.elpolitologoyelpolitico.com.ar\/wp-content\/uploads\/2022\/09\/IMG-20220928-WA0019.jpg\" alt=\"\" class=\"wp-image-24939\" srcset=\"https:\/\/www.elpolitologoyelpolitico.com.ar\/wp-content\/uploads\/2022\/09\/IMG-20220928-WA0019.jpg 720w, https:\/\/www.elpolitologoyelpolitico.com.ar\/wp-content\/uploads\/2022\/09\/IMG-20220928-WA0019-300x222.jpg 300w\" sizes=\"(max-width: 720px) 100vw, 720px\" \/><\/figure>\n<\/figure>\n<div class=\"fb-background-color\">\n\t\t\t  <div \n\t\t\t  \tclass = \"fb-comments\" \n\t\t\t  \tdata-href = \"https:\/\/www.elpolitologoyelpolitico.com.ar\/wordpress\/2022\/09\/28\/el-intendente-zara-visito-la-obra-de-construccion-del-edificio-de-patologias-en-el-hospital-ecay\/\"\n\t\t\t  \tdata-numposts = \"10\"\n\t\t\t  \tdata-lazy = \"true\"\n\t\t\t\tdata-colorscheme = \"light\"\n\t\t\t\tdata-order-by = \"social\"\n\t\t\t\tdata-mobile=true>\n\t\t\t  <\/div><\/div>\n\t\t  <style>\n\t\t    .fb-background-color {\n\t\t\t\tbackground: #ffffff !important;\n\t\t\t}\n\t\t\t.fb_iframe_widget_fluid_desktop iframe {\n\t\t\t    width: 100% !important;\n\t\t\t}\n\t\t  <\/style>\n\t\t  ","protected":false},"excerpt":{"rendered":"<p>El Intendente Municipal, Ing. Jos\u00e9 Luis Zara, visit\u00f3 la obra de construcci\u00f3n del edificio de Patolog\u00eda que se encuentra dentro del predio del Hospital \u201cPedro Ecay\u201d en Carmen de Patagones. El jefe comunal estuvo acompa\u00f1ado por el Secretario y el subsecretario de Obras P\u00fablicas, Jorge Isaac y Roberto Haure, respectivamente, el Secretario y la Subsecretaria [&hellip;]<\/p>\n","protected":false},"author":4,"featured_media":24937,"comment_status":"closed","ping_status":"closed","sticky":false,"template":"","format":"standard","meta":{"_joinchat":[],"footnotes":""},"categories":[4],"tags":[],"class_list":["post-24936","post","type-post","status-publish","format-standard","has-post-thumbnail","hentry","category-politicas-publicas"],"_links":{"self":[{"href":"https:\/\/www.elpolitologoyelpolitico.com.ar\/wordpress\/wp-json\/wp\/v2\/posts\/24936","targetHints":{"allow":["GET"]}}],"collection":[{"href":"https:\/\/www.elpolitologoyelpolitico.com.ar\/wordpress\/wp-json\/wp\/v2\/posts"}],"about":[{"href":"https:\/\/www.elpolitologoyelpolitico.com.ar\/wordpress\/wp-json\/wp\/v2\/types\/post"}],"author":[{"embeddable":true,"href":"https:\/\/www.elpolitologoyelpolitico.com.ar\/wordpress\/wp-json\/wp\/v2\/users\/4"}],"replies":[{"embeddable":true,"href":"https:\/\/www.elpolitologoyelpolitico.com.ar\/wordpress\/wp-json\/wp\/v2\/comments?post=24936"}],"version-history":[{"count":0,"href":"https:\/\/www.elpolitologoyelpolitico.com.ar\/wordpress\/wp-json\/wp\/v2\/posts\/24936\/revisions"}],"wp:featuredmedia":[{"embeddable":true,"href":"https:\/\/www.elpolitologoyelpolitico.com.ar\/wordpress\/wp-json\/wp\/v2\/media\/24937"}],"wp:attachment":[{"href":"https:\/\/www.elpolitologoyelpolitico.com.ar\/wordpress\/wp-json\/wp\/v2\/media?parent=24936"}],"wp:term":[{"taxonomy":"category","embeddable":true,"href":"https:\/\/www.elpolitologoyelpolitico.com.ar\/wordpress\/wp-json\/wp\/v2\/categories?post=24936"},{"taxonomy":"post_tag","embeddable":true,"href":"https:\/\/www.elpolitologoyelpolitico.com.ar\/wordpress\/wp-json\/wp\/v2\/tags?post=24936"}],"curies":[{"name":"wp","href":"https:\/\/api.w.org\/{rel}","templated":true}]}}