{"id":24931,"date":"2022-09-28T17:20:32","date_gmt":"2022-09-28T17:20:32","guid":{"rendered":"https:\/\/www.elpolitologoyelpolitico.com.ar\/wordpress\/?p=24931"},"modified":"2022-09-28T17:21:10","modified_gmt":"2022-09-28T17:21:10","slug":"se-conmemoro-el-dia-internacional-del-turismo-en-el-balneario-el-condor","status":"publish","type":"post","link":"https:\/\/www.elpolitologoyelpolitico.com.ar\/wordpress\/2022\/09\/28\/se-conmemoro-el-dia-internacional-del-turismo-en-el-balneario-el-condor\/","title":{"rendered":"Se conmemor\u00f3 el D\u00eda Internacional del Turismo en el balneario El C\u00f3ndor"},"content":{"rendered":"\n<p>En uno de los paradores costero del balneario El C\u00f3ndor, se conmemor\u00f3 el D\u00eda Internacional del Turismo bajo la premisa de \u201crepensar el turismo\u201d.<\/p>\n\n\n\n<p>Con la presencia del Intendente de Viedma Pedro Pesatti, la Ministra de Turismo y Deportes de la provincia Martha V\u00e9lez, el Secretario de Turismo, Cultura y Deportes Juan Gorosito y el Subsecretario de Turismo Sergio Rodriguez, se presentaron videos tur\u00edsticos con actividades llevadas adelante por el \u00e1rea de turismo, y un video promocional de Viedma y El C\u00f3ndor.<\/p>\n\n\n\n<p>En este sentido, el Intendente Pesatti les deseo un muy feliz d\u00eda a todos los presentes y destac\u00f3 el gran trabajo de la Ministra de Turismo Martha V\u00e9lez \u201cLa provincia y el turismo demandan una mirada integral, y tenemos que trabajar para poder compensarnos una regi\u00f3n con otra, por eso valoramos la ayuda y colaboraci\u00f3n\u201d<\/p>\n\n\n\n<p>Pesatti remarc\u00f3 que \u201cel porcentaje de ocupaci\u00f3n de camas en Viedma y el balneario El C\u00f3ndor fue el mayor de toda la provincia en temporada estival\u00bb, y asegur\u00f3 que \u00abes un dato que demuestra que podemos y debemos seguir trabajando en la direcci\u00f3n que el ENVITUR est\u00e1 marcando junto con el gobierno municipal y la provincia. Somos el \u00fanico municipio en la Patagonia que re\u00fane una una \u00fanica condici\u00f3n fluvial y mar\u00edtima y esa condici\u00f3n le da un atributo que es \u00fanico y debemos trabajarlo fuertemente\u201c<\/p>\n\n\n\n<p>Por otra parte el intendente resalt\u00f3 la pronta canonizaci\u00f3n de Don Zatti como otro de los atributos fuertes para el turismo religioso \u201cel mundo conocer\u00e1 que un hombre de nuestra ciudad ser\u00e1 reconocido como santo\u201d.<\/p>\n\n\n\n<p>\u201cViedma tiene dos fiestas nacionales, la del mar y la del r\u00edo, y con esto hemos marcado con mucho esfuerzo dos hitos enormes como son estas dos fiestas de primer\u00edsimo nivel, son indicadores para darle volumen a lo que tenemos, y espero que cuando los a\u00f1os pasen podamos sumar m\u00e1s realizaci\u00f3nes para tener el destino tur\u00edstico que merecemos, para que nuestros hijos puedan encontrar ac\u00e1 las oportunidades\u00bb.<\/p>\n\n\n\n<p>El Subsecretario de Turismo Sergio Rodriguez remarc\u00f3 que \u201cdesde Viedma y contando con una gran herramienta como lo es el ENVITUR, donde realmente estamos trabajando y llevando adelante acciones conjuntas, y el sector privado es un socio estrat\u00e9gico real para llevar adelante las acciones de promoci\u00f3n tur\u00edstica\u00bb, y agreg\u00f3 que \u00abtenemos un renacer en el turismo con esta gran herramienta que conformamos gracias al amparo de la Ley de promoci\u00f3n tur\u00edstica\u201d.<\/p>\n\n\n\n<p>Durante el encuentro se proyectaron videos de promoci\u00f3n tur\u00edstica de Viedma y El C\u00f3ndor y sobre las acciones que desde la Subsecretar\u00eda de Turismo de Viedma se realizaron durante el a\u00f1o en diferentes localidades.<\/p>\n\n\n\n<p>Rodriguez resalt\u00f3 que \u201cEsos videos ya est\u00e1n promocionando en la pauta de Canal 10 de Roca, en 14 salas de cine de Neuqu\u00e9n, en las pantallas de la v\u00eda p\u00fablica de Neuqu\u00e9n y Bah\u00eda Blanca y en el shopping de esta \u00faltima ciudad\u201d.<\/p>\n\n\n\n<p>Acopa\u00f1aron el acto la subsecretaria del El C\u00f3ndor y Costa Atl\u00e1ntica, Ver\u00f3nica Barrera, empresarios de turismo, integrantes del ENVITUR, el Concejal Marcos Magnanelli, representantes del Skal Viedma Patagones, C\u00e1mara provincial de Turismo de Rio Negro, Fehgra Zona Atl\u00e1ntica, Agencia de Desarrollo local Crear, Agencia de viajes y turismo, autoridades provinciales, municipales, invitados especiales y medios de comunicaci\u00f3n.<\/p>\n\n\n\n<figure class=\"wp-block-image size-full\"><img fetchpriority=\"high\" decoding=\"async\" width=\"720\" height=\"540\" src=\"https:\/\/www.elpolitologoyelpolitico.com.ar\/wp-content\/uploads\/2022\/09\/IMG-20220928-WA0017-1.jpg\" alt=\"\" class=\"wp-image-24933\" srcset=\"https:\/\/www.elpolitologoyelpolitico.com.ar\/wp-content\/uploads\/2022\/09\/IMG-20220928-WA0017-1.jpg 720w, https:\/\/www.elpolitologoyelpolitico.com.ar\/wp-content\/uploads\/2022\/09\/IMG-20220928-WA0017-1-300x225.jpg 300w\" sizes=\"(max-width: 720px) 100vw, 720px\" \/><\/figure>\n<div class=\"fb-background-color\">\n\t\t\t  <div \n\t\t\t  \tclass = \"fb-comments\" \n\t\t\t  \tdata-href = \"https:\/\/www.elpolitologoyelpolitico.com.ar\/wordpress\/2022\/09\/28\/se-conmemoro-el-dia-internacional-del-turismo-en-el-balneario-el-condor\/\"\n\t\t\t  \tdata-numposts = \"10\"\n\t\t\t  \tdata-lazy = \"true\"\n\t\t\t\tdata-colorscheme = \"light\"\n\t\t\t\tdata-order-by = \"social\"\n\t\t\t\tdata-mobile=true>\n\t\t\t  <\/div><\/div>\n\t\t  <style>\n\t\t    .fb-background-color {\n\t\t\t\tbackground: #ffffff !important;\n\t\t\t}\n\t\t\t.fb_iframe_widget_fluid_desktop iframe {\n\t\t\t    width: 100% !important;\n\t\t\t}\n\t\t  <\/style>\n\t\t  ","protected":false},"excerpt":{"rendered":"<p>En uno de los paradores costero del balneario El C\u00f3ndor, se conmemor\u00f3 el D\u00eda Internacional del Turismo bajo la premisa de \u201crepensar el turismo\u201d. Con la presencia del Intendente de Viedma Pedro Pesatti, la Ministra de Turismo y Deportes de la provincia Martha V\u00e9lez, el Secretario de Turismo, Cultura y Deportes Juan Gorosito y el [&hellip;]<\/p>\n","protected":false},"author":4,"featured_media":24932,"comment_status":"closed","ping_status":"closed","sticky":false,"template":"","format":"standard","meta":{"_joinchat":[],"footnotes":""},"categories":[39],"tags":[],"class_list":["post-24931","post","type-post","status-publish","format-standard","has-post-thumbnail","hentry","category-en-esta-seccion"],"_links":{"self":[{"href":"https:\/\/www.elpolitologoyelpolitico.com.ar\/wordpress\/wp-json\/wp\/v2\/posts\/24931","targetHints":{"allow":["GET"]}}],"collection":[{"href":"https:\/\/www.elpolitologoyelpolitico.com.ar\/wordpress\/wp-json\/wp\/v2\/posts"}],"about":[{"href":"https:\/\/www.elpolitologoyelpolitico.com.ar\/wordpress\/wp-json\/wp\/v2\/types\/post"}],"author":[{"embeddable":true,"href":"https:\/\/www.elpolitologoyelpolitico.com.ar\/wordpress\/wp-json\/wp\/v2\/users\/4"}],"replies":[{"embeddable":true,"href":"https:\/\/www.elpolitologoyelpolitico.com.ar\/wordpress\/wp-json\/wp\/v2\/comments?post=24931"}],"version-history":[{"count":0,"href":"https:\/\/www.elpolitologoyelpolitico.com.ar\/wordpress\/wp-json\/wp\/v2\/posts\/24931\/revisions"}],"wp:featuredmedia":[{"embeddable":true,"href":"https:\/\/www.elpolitologoyelpolitico.com.ar\/wordpress\/wp-json\/wp\/v2\/media\/24932"}],"wp:attachment":[{"href":"https:\/\/www.elpolitologoyelpolitico.com.ar\/wordpress\/wp-json\/wp\/v2\/media?parent=24931"}],"wp:term":[{"taxonomy":"category","embeddable":true,"href":"https:\/\/www.elpolitologoyelpolitico.com.ar\/wordpress\/wp-json\/wp\/v2\/categories?post=24931"},{"taxonomy":"post_tag","embeddable":true,"href":"https:\/\/www.elpolitologoyelpolitico.com.ar\/wordpress\/wp-json\/wp\/v2\/tags?post=24931"}],"curies":[{"name":"wp","href":"https:\/\/api.w.org\/{rel}","templated":true}]}}