{"id":24927,"date":"2022-09-28T17:07:00","date_gmt":"2022-09-28T17:07:00","guid":{"rendered":"https:\/\/www.elpolitologoyelpolitico.com.ar\/wordpress\/?p=24927"},"modified":"2022-09-28T17:07:37","modified_gmt":"2022-09-28T17:07:37","slug":"el-intendente-zara-firmo-un-importante-convenio-para-la-obra-de-impulsion-cloacal-en-el-boulevard-celedonio-miguel","status":"publish","type":"post","link":"https:\/\/www.elpolitologoyelpolitico.com.ar\/wordpress\/2022\/09\/28\/el-intendente-zara-firmo-un-importante-convenio-para-la-obra-de-impulsion-cloacal-en-el-boulevard-celedonio-miguel\/","title":{"rendered":"El Intendente Zara firm\u00f3 un importante convenio para la obra de impulsi\u00f3n cloacal en el boulevard Celedonio Miguel"},"content":{"rendered":"\n<p>El Intendente Municipal, Ing. Jos\u00e9 Luis Zara, se reuni\u00f3 ayer en Buenos Aires con el Subadministrador del Ente Nacional de Obras H\u00eddricas y Saneamiento, N\u00e9stor \u00c1lvarez, para concretar la firma de un importante convenio para Carmen de Patagones.&nbsp;<\/p>\n\n\n\n<p>Se trata del proyecto \u00abimpulsi\u00f3n cloacal Celedonio Miguel\u00bb, que fue oportunamente gestionado por el mandatario ante el Organismo nacional.&nbsp;<\/p>\n\n\n\n<p>El mismo ser\u00e1 financiado a trav\u00e9s del Plan \u00abArgentina Hace\u00bb, que tiene por objetivo promover la reactivaci\u00f3n de las econom\u00edas locales, del sector de la construcci\u00f3n, generaci\u00f3n de mano de obra intensiva y la consolidaci\u00f3n local y regional, mediante la concreci\u00f3n de obras de infraestructura social.<\/p>\n<div class=\"fb-background-color\">\n\t\t\t  <div \n\t\t\t  \tclass = \"fb-comments\" \n\t\t\t  \tdata-href = \"https:\/\/www.elpolitologoyelpolitico.com.ar\/wordpress\/2022\/09\/28\/el-intendente-zara-firmo-un-importante-convenio-para-la-obra-de-impulsion-cloacal-en-el-boulevard-celedonio-miguel\/\"\n\t\t\t  \tdata-numposts = \"10\"\n\t\t\t  \tdata-lazy = \"true\"\n\t\t\t\tdata-colorscheme = \"light\"\n\t\t\t\tdata-order-by = \"social\"\n\t\t\t\tdata-mobile=true>\n\t\t\t  <\/div><\/div>\n\t\t  <style>\n\t\t    .fb-background-color {\n\t\t\t\tbackground: #ffffff !important;\n\t\t\t}\n\t\t\t.fb_iframe_widget_fluid_desktop iframe {\n\t\t\t    width: 100% !important;\n\t\t\t}\n\t\t  <\/style>\n\t\t  ","protected":false},"excerpt":{"rendered":"<p>El Intendente Municipal, Ing. Jos\u00e9 Luis Zara, se reuni\u00f3 ayer en Buenos Aires con el Subadministrador del Ente Nacional de Obras H\u00eddricas y Saneamiento, N\u00e9stor \u00c1lvarez, para concretar la firma de un importante convenio para Carmen de Patagones.&nbsp; Se trata del proyecto \u00abimpulsi\u00f3n cloacal Celedonio Miguel\u00bb, que fue oportunamente gestionado por el mandatario ante el [&hellip;]<\/p>\n","protected":false},"author":4,"featured_media":24928,"comment_status":"closed","ping_status":"closed","sticky":false,"template":"","format":"standard","meta":{"_joinchat":[],"footnotes":""},"categories":[4],"tags":[],"class_list":["post-24927","post","type-post","status-publish","format-standard","has-post-thumbnail","hentry","category-politicas-publicas"],"_links":{"self":[{"href":"https:\/\/www.elpolitologoyelpolitico.com.ar\/wordpress\/wp-json\/wp\/v2\/posts\/24927","targetHints":{"allow":["GET"]}}],"collection":[{"href":"https:\/\/www.elpolitologoyelpolitico.com.ar\/wordpress\/wp-json\/wp\/v2\/posts"}],"about":[{"href":"https:\/\/www.elpolitologoyelpolitico.com.ar\/wordpress\/wp-json\/wp\/v2\/types\/post"}],"author":[{"embeddable":true,"href":"https:\/\/www.elpolitologoyelpolitico.com.ar\/wordpress\/wp-json\/wp\/v2\/users\/4"}],"replies":[{"embeddable":true,"href":"https:\/\/www.elpolitologoyelpolitico.com.ar\/wordpress\/wp-json\/wp\/v2\/comments?post=24927"}],"version-history":[{"count":0,"href":"https:\/\/www.elpolitologoyelpolitico.com.ar\/wordpress\/wp-json\/wp\/v2\/posts\/24927\/revisions"}],"wp:featuredmedia":[{"embeddable":true,"href":"https:\/\/www.elpolitologoyelpolitico.com.ar\/wordpress\/wp-json\/wp\/v2\/media\/24928"}],"wp:attachment":[{"href":"https:\/\/www.elpolitologoyelpolitico.com.ar\/wordpress\/wp-json\/wp\/v2\/media?parent=24927"}],"wp:term":[{"taxonomy":"category","embeddable":true,"href":"https:\/\/www.elpolitologoyelpolitico.com.ar\/wordpress\/wp-json\/wp\/v2\/categories?post=24927"},{"taxonomy":"post_tag","embeddable":true,"href":"https:\/\/www.elpolitologoyelpolitico.com.ar\/wordpress\/wp-json\/wp\/v2\/tags?post=24927"}],"curies":[{"name":"wp","href":"https:\/\/api.w.org\/{rel}","templated":true}]}}