{"id":2492,"date":"2021-05-04T00:41:20","date_gmt":"2021-05-04T00:41:20","guid":{"rendered":"https:\/\/www.elpolitologoyelpolitico.com.ar\/wordpress\/?p=2492"},"modified":"2021-05-04T00:42:03","modified_gmt":"2021-05-04T00:42:03","slug":"se-llevaron-adelante-distintos-controles-en-viedma","status":"publish","type":"post","link":"https:\/\/www.elpolitologoyelpolitico.com.ar\/wordpress\/2021\/05\/04\/se-llevaron-adelante-distintos-controles-en-viedma\/","title":{"rendered":"Se llevaron adelante distintos controles en Viedma"},"content":{"rendered":"\t\t<div data-elementor-type=\"wp-post\" data-elementor-id=\"2492\" class=\"elementor elementor-2492\">\n\t\t\t\t\t\t<section class=\"elementor-section elementor-top-section elementor-element elementor-element-6dd538ac elementor-section-boxed elementor-section-height-default elementor-section-height-default\" data-id=\"6dd538ac\" data-element_type=\"section\" data-e-type=\"section\">\n\t\t\t\t\t\t<div class=\"elementor-container elementor-column-gap-default\">\n\t\t\t\t\t<div class=\"elementor-column elementor-col-100 elementor-top-column elementor-element elementor-element-524d9c08\" data-id=\"524d9c08\" data-element_type=\"column\" data-e-type=\"column\">\n\t\t\t<div class=\"elementor-widget-wrap elementor-element-populated\">\n\t\t\t\t\t\t<div class=\"elementor-element elementor-element-245052f0 elementor-widget elementor-widget-text-editor\" data-id=\"245052f0\" data-element_type=\"widget\" data-e-type=\"widget\" data-widget_type=\"text-editor.default\">\n\t\t\t\t<div class=\"elementor-widget-container\">\n\t\t\t\t\t\t\t\t\t\n<p>Jorge Vilca, Director de la agencia local de Viedma afirm\u00f3 que durante el&nbsp; fin de semana se llevaron adelante distintos controles durante el horario matutino y nocturno en la Cuidad.<\/p>\n\n\n\n<p>Seg\u00fan Villca \u201cSe logro detener cinco veh\u00edculos por alcoholemia positiva y tres motocicletas por irregularidades en su documentaci\u00f3n\u201d.<\/p>\n\n\n\n<p>Producto del Covid- 19 se tomaron ciertas medidas desde Naci\u00f3n para controlar los aumentos de casos en todo el pa\u00eds. Varias Provincias y Ciudades se encuentran en una situaci\u00f3n critica, por lo tanto tuvieron que tomar ciertas decisiones.<\/p>\n\n\n\n<p>En el caso de Viedma, las autoridades municipales y provinciales se vienen reuniendo para analizar la situaci\u00f3n en el la Ciudad. \u201c Durante el fin de semana junto con el subsecretario de protecci\u00f3n ciudadana y el director de defensa civil del municipio de Viedma, llevamos adelante una reuni\u00f3n solicitada por el Ministerio de Seguridad y Justicia de la Provincia de R\u00edo Negro, en donde se plante\u00f3 el trabajo de coordinaci\u00f3n operativa en relaci\u00f3n al covid-19 en base a las nuevas restricciones\u201d manifest\u00f3 el Director de la agencia Local de Viedma. Desde las 00hs del d\u00eda de hoy lunes 3 de mayo rigen las nuevas restricciones para controlar el avance de la segunda ola del coronavirus. Hay que recordar que las nuevas medidas son hasta el 21 de Mayo del corriente a\u00f1o.<\/p>\n\n\n\n<figure class=\"wp-block-gallery columns-2 is-cropped wp-block-gallery-2 is-layout-flex wp-block-gallery-is-layout-flex\"><ul class=\"blocks-gallery-grid\"><li class=\"blocks-gallery-item\"><figure><img fetchpriority=\"high\" decoding=\"async\" width=\"720\" height=\"960\" src=\"http:\/\/www.elpolitologoyelpolitico.com.ar:8081\/wordpress\/wp-content\/uploads\/2021\/05\/WhatsApp-Image-2021-05-03-at-3.27.36-PM.jpeg\" alt=\"\" data-id=\"2494\" data-full-url=\"http:\/\/www.elpolitologoyelpolitico.com.ar:8081\/wordpress\/wp-content\/uploads\/2021\/05\/WhatsApp-Image-2021-05-03-at-3.27.36-PM.jpeg\" data-link=\"http:\/\/www.elpolitologoyelpolitico.com.ar:8081\/wordpress\/?attachment_id=2494\" class=\"wp-image-2494\" srcset=\"https:\/\/www.elpolitologoyelpolitico.com.ar\/wp-content\/uploads\/2021\/05\/WhatsApp-Image-2021-05-03-at-3.27.36-PM.jpeg 720w, https:\/\/www.elpolitologoyelpolitico.com.ar\/wp-content\/uploads\/2021\/05\/WhatsApp-Image-2021-05-03-at-3.27.36-PM-225x300.jpeg 225w\" sizes=\"(max-width: 720px) 100vw, 720px\" \/><\/figure><\/li><li class=\"blocks-gallery-item\"><figure><img decoding=\"async\" width=\"720\" height=\"540\" src=\"http:\/\/www.elpolitologoyelpolitico.com.ar:8081\/wordpress\/wp-content\/uploads\/2021\/05\/WhatsApp-Image-2021-05-03-at-3.27.34-PM.jpeg\" alt=\"\" data-id=\"2495\" data-full-url=\"http:\/\/www.elpolitologoyelpolitico.com.ar:8081\/wordpress\/wp-content\/uploads\/2021\/05\/WhatsApp-Image-2021-05-03-at-3.27.34-PM.jpeg\" data-link=\"http:\/\/www.elpolitologoyelpolitico.com.ar:8081\/wordpress\/?attachment_id=2495\" class=\"wp-image-2495\" srcset=\"https:\/\/www.elpolitologoyelpolitico.com.ar\/wp-content\/uploads\/2021\/05\/WhatsApp-Image-2021-05-03-at-3.27.34-PM.jpeg 720w, https:\/\/www.elpolitologoyelpolitico.com.ar\/wp-content\/uploads\/2021\/05\/WhatsApp-Image-2021-05-03-at-3.27.34-PM-300x225.jpeg 300w\" sizes=\"(max-width: 720px) 100vw, 720px\" \/><\/figure><\/li><\/ul><\/figure>\n\t\t\t\t\t\t\t\t<\/div>\n\t\t\t\t<\/div>\n\t\t\t\t\t<\/div>\n\t\t<\/div>\n\t\t\t\t\t<\/div>\n\t\t<\/section>\n\t\t\t\t<\/div>\n\t\t<div class=\"fb-background-color\">\n\t\t\t  <div \n\t\t\t  \tclass = \"fb-comments\" \n\t\t\t  \tdata-href = \"https:\/\/www.elpolitologoyelpolitico.com.ar\/wordpress\/2021\/05\/04\/se-llevaron-adelante-distintos-controles-en-viedma\/\"\n\t\t\t  \tdata-numposts = \"10\"\n\t\t\t  \tdata-lazy = \"true\"\n\t\t\t\tdata-colorscheme = \"light\"\n\t\t\t\tdata-order-by = \"social\"\n\t\t\t\tdata-mobile=true>\n\t\t\t  <\/div><\/div>\n\t\t  <style>\n\t\t    .fb-background-color {\n\t\t\t\tbackground: #ffffff !important;\n\t\t\t}\n\t\t\t.fb_iframe_widget_fluid_desktop iframe {\n\t\t\t    width: 100% !important;\n\t\t\t}\n\t\t  <\/style>\n\t\t  ","protected":false},"excerpt":{"rendered":"<p>Jorge Vilca, Director de la agencia local de Viedma afirm\u00f3 que durante el&nbsp; fin de semana se llevaron adelante distintos controles durante el horario matutino y nocturno en la Cuidad. Seg\u00fan Villca \u201cSe logro detener cinco veh\u00edculos por alcoholemia positiva y tres motocicletas por irregularidades en su documentaci\u00f3n\u201d. Producto del Covid- 19 se tomaron ciertas [&hellip;]<\/p>\n","protected":false},"author":4,"featured_media":2493,"comment_status":"closed","ping_status":"closed","sticky":false,"template":"","format":"standard","meta":{"_joinchat":[],"footnotes":""},"categories":[39],"tags":[],"class_list":["post-2492","post","type-post","status-publish","format-standard","has-post-thumbnail","hentry","category-en-esta-seccion"],"_links":{"self":[{"href":"https:\/\/www.elpolitologoyelpolitico.com.ar\/wordpress\/wp-json\/wp\/v2\/posts\/2492","targetHints":{"allow":["GET"]}}],"collection":[{"href":"https:\/\/www.elpolitologoyelpolitico.com.ar\/wordpress\/wp-json\/wp\/v2\/posts"}],"about":[{"href":"https:\/\/www.elpolitologoyelpolitico.com.ar\/wordpress\/wp-json\/wp\/v2\/types\/post"}],"author":[{"embeddable":true,"href":"https:\/\/www.elpolitologoyelpolitico.com.ar\/wordpress\/wp-json\/wp\/v2\/users\/4"}],"replies":[{"embeddable":true,"href":"https:\/\/www.elpolitologoyelpolitico.com.ar\/wordpress\/wp-json\/wp\/v2\/comments?post=2492"}],"version-history":[{"count":0,"href":"https:\/\/www.elpolitologoyelpolitico.com.ar\/wordpress\/wp-json\/wp\/v2\/posts\/2492\/revisions"}],"wp:featuredmedia":[{"embeddable":true,"href":"https:\/\/www.elpolitologoyelpolitico.com.ar\/wordpress\/wp-json\/wp\/v2\/media\/2493"}],"wp:attachment":[{"href":"https:\/\/www.elpolitologoyelpolitico.com.ar\/wordpress\/wp-json\/wp\/v2\/media?parent=2492"}],"wp:term":[{"taxonomy":"category","embeddable":true,"href":"https:\/\/www.elpolitologoyelpolitico.com.ar\/wordpress\/wp-json\/wp\/v2\/categories?post=2492"},{"taxonomy":"post_tag","embeddable":true,"href":"https:\/\/www.elpolitologoyelpolitico.com.ar\/wordpress\/wp-json\/wp\/v2\/tags?post=2492"}],"curies":[{"name":"wp","href":"https:\/\/api.w.org\/{rel}","templated":true}]}}