{"id":24904,"date":"2022-09-28T13:59:23","date_gmt":"2022-09-28T13:59:23","guid":{"rendered":"https:\/\/www.elpolitologoyelpolitico.com.ar\/wordpress\/?p=24904"},"modified":"2022-09-28T14:00:30","modified_gmt":"2022-09-28T14:00:30","slug":"se-anuncio-la-fiesta-de-libro-de-viedma-con-la-participacion-de-reconocidas-personalidades","status":"publish","type":"post","link":"https:\/\/www.elpolitologoyelpolitico.com.ar\/wordpress\/2022\/09\/28\/se-anuncio-la-fiesta-de-libro-de-viedma-con-la-participacion-de-reconocidas-personalidades\/","title":{"rendered":"Se anunci\u00f3 la Fiesta de Libro de Viedma con la participaci\u00f3n de reconocidas personalidades"},"content":{"rendered":"\n<p>Con la presencia de Alejandro Dolina, Miss Bolivia, Cristian Jorgensen y Marcelo Larraquy se llevar\u00e1 adelante la 12\u00b0 edici\u00f3n de la Feria Municipal del Libro<\/p>\n\n\n\n<p>Esta ma\u00f1ana en la ex Capilla Mar\u00eda Auxiliadora, el gobierno de Viedma present\u00f3 la 12\u00b0 edici\u00f3n de la Feria Municipal del Libro que lleva el lema\u201cEl fuego est\u00e1 hecho de lenguaje\u201d, en homenaje a Nito Frittz, poeta y escritor de la Comarca.<\/p>\n\n\n\n<p>La feria se realizar\u00e1 del 10 al 13 de noviembre en la Manzana Hist\u00f3rica y Plaza Alsina, y tendr\u00e1 la presencia de Maria Paz Ferreyra (Miss Bolivia), Alejandro Dolina, Marcelo Larraquy y Cristian Jorgensen como invitados especiales.<\/p>\n\n\n\n<p>Como es habitual, todas las jornadas de la Feria Municipal de Libro contar\u00e1n con la participaci\u00f3n de editoriales de diferentes puntos del pa\u00eds, m\u00e1s de 35 stands, talleres, exposiciones, venta de libros, presentaciones y actividades vinculadas a la literatura.<\/p>\n\n\n\n<p>Este a\u00f1o la Feria se extender\u00e1 durante una jornada m\u00e1s para dar lugar y participaci\u00f3n a m\u00e1s escuelas e instituciones que quieran disfrutar de las m\u00faltiples propuestas que se van a llevar adelante. Adem\u00e1s est\u00e1 nueva edici\u00f3n incluir\u00e1 la tradicional \u201cNoche de los Museos\u201d.<\/p>\n\n\n\n<p>Al respecto, el intendente Pesatti expres\u00f3 que \u201des necesario aunar esfuerzos para que como comunidad vivamos la cultura de manera conjunta, entendiendo que siempre tiene que abierta, libre y popular\u201d<\/p>\n\n\n\n<p>\u201cEsta feria pretende abrir la cultura a toda la comunidad viedmense por eso la diversidad de propuestas, y es nuestro desaf\u00edo ofrecer a la comunidad estos espacios de integraci\u00f3n, garantizando el derecho al acceso a la cultura, el disfrute y el conocimiento\u201d agreg\u00f3 Pesatti.<\/p>\n\n\n\n<p>A su vez, el secretario de Turismo, Cultura y Deportes, Juan Gorosito remarc\u00f3 que \u201ceste a\u00f1o la feria tendr\u00e1 un d\u00eda m\u00e1s y esto es muy importante tambi\u00e9n para la industria editorial, una feria como la nuestra genera una actividad econ\u00f3mica importante tambi\u00e9n ya que esperamos la llegada de m\u00e1s de 100 sellos editoriales\u201d.<\/p>\n\n\n\n<p>\u201cEste a\u00f1o la tem\u00e1tica central ser\u00e1 el cumplimiento de 40 a\u00f1os de Malvinas por eso lo invitamos a Marcelo Laraquy, que es escritor, periodista e historiador y sumamente reconocido a nivel nacional y que ha escrito mucho sobre la tem\u00e1tica Malvinas\u201d.<\/p>\n\n\n\n<p>Gorosito tambi\u00e9n remarc\u00f3 la tarea de la Editorial Municipal que \u201ca un poco m\u00e1s de un a\u00f1o de su creaci\u00f3n es para destacar el trabajo que se realiza en&nbsp; escuelas,&nbsp; actividades y propuestas que llevan adelante en diversos espacios\u201d.<\/p>\n\n\n\n<p>40 a\u00f1os de Malvinas presente en la Feria Municipal del Libro<\/p>\n\n\n\n<p>La tem\u00e1tica central de la 12\u00b0 edici\u00f3n de la Feria Municipal del Libro ser\u00e1 los 40 a\u00f1os de la guerra de Malvinas que atravesar\u00e1 los diferentes espacios, momentos y actividades que se desarrollar\u00e1n durante los cuatro d\u00edas de feria.<\/p>\n\n\n\n<p>Para la ocasi\u00f3n, se presentar\u00e1 el historiador y periodista Marcelo Larrequy, que durante los \u00faltimos a\u00f1os investig\u00f3 aspectos poco conocidos y no oficiales sobre la guerra de Malvinas.<\/p>\n\n\n\n<p>\u201cNoche de los Museos\u201d en la Feria Municipal del Libro<\/p>\n\n\n\n<p>La Noche de los Museos se llevar\u00e1 adelante el s\u00e1bado 12 de noviembre de 18 a 23hs. Participar\u00e1n el museo Salesiano\u201dCardenal Cagliero\u201d, el Museo Gardeliano \u201cLisandro Segovia\u201d, el Museo Tecnol\u00f3gico del Agua y del Suelo \u201cOsvaldo Casamiquela\u201d, el Museo Antropol\u00f3gico Eugenio Tello y acompa\u00f1ar\u00e1n la Biblioteca Mitre, la Asociaci\u00f3n Amigos de lo Nuestro, Casa de Gobierno y la Residencia de los Gobernadores.<\/p>\n\n\n\n<p>Con la tem\u00e1tica relacionada a los 40 a\u00f1os de Malvinas, este evento popular viedmense que convoca a editoriales de todo el pa\u00eds, invita a recorrer en la Manzana Hist\u00f3rica diferentes espacios emblem\u00e1ticos de nuestra identidad, pasando por los museos y el patio salesiano de nuestra ciudad.<\/p>\n\n\n\n<figure class=\"wp-block-image size-full\"><img fetchpriority=\"high\" decoding=\"async\" width=\"720\" height=\"540\" src=\"https:\/\/www.elpolitologoyelpolitico.com.ar\/wp-content\/uploads\/2022\/09\/IMG-20220928-WA0001.jpg\" alt=\"\" class=\"wp-image-24906\" srcset=\"https:\/\/www.elpolitologoyelpolitico.com.ar\/wp-content\/uploads\/2022\/09\/IMG-20220928-WA0001.jpg 720w, https:\/\/www.elpolitologoyelpolitico.com.ar\/wp-content\/uploads\/2022\/09\/IMG-20220928-WA0001-300x225.jpg 300w\" sizes=\"(max-width: 720px) 100vw, 720px\" \/><\/figure>\n<div class=\"fb-background-color\">\n\t\t\t  <div \n\t\t\t  \tclass = \"fb-comments\" \n\t\t\t  \tdata-href = \"https:\/\/www.elpolitologoyelpolitico.com.ar\/wordpress\/2022\/09\/28\/se-anuncio-la-fiesta-de-libro-de-viedma-con-la-participacion-de-reconocidas-personalidades\/\"\n\t\t\t  \tdata-numposts = \"10\"\n\t\t\t  \tdata-lazy = \"true\"\n\t\t\t\tdata-colorscheme = \"light\"\n\t\t\t\tdata-order-by = \"social\"\n\t\t\t\tdata-mobile=true>\n\t\t\t  <\/div><\/div>\n\t\t  <style>\n\t\t    .fb-background-color {\n\t\t\t\tbackground: #ffffff !important;\n\t\t\t}\n\t\t\t.fb_iframe_widget_fluid_desktop iframe {\n\t\t\t    width: 100% !important;\n\t\t\t}\n\t\t  <\/style>\n\t\t  ","protected":false},"excerpt":{"rendered":"<p>Con la presencia de Alejandro Dolina, Miss Bolivia, Cristian Jorgensen y Marcelo Larraquy se llevar\u00e1 adelante la 12\u00b0 edici\u00f3n de la Feria Municipal del Libro Esta ma\u00f1ana en la ex Capilla Mar\u00eda Auxiliadora, el gobierno de Viedma present\u00f3 la 12\u00b0 edici\u00f3n de la Feria Municipal del Libro que lleva el lema\u201cEl fuego est\u00e1 hecho de [&hellip;]<\/p>\n","protected":false},"author":4,"featured_media":24905,"comment_status":"closed","ping_status":"closed","sticky":false,"template":"","format":"standard","meta":{"_joinchat":[],"footnotes":""},"categories":[4],"tags":[],"class_list":["post-24904","post","type-post","status-publish","format-standard","has-post-thumbnail","hentry","category-politicas-publicas"],"_links":{"self":[{"href":"https:\/\/www.elpolitologoyelpolitico.com.ar\/wordpress\/wp-json\/wp\/v2\/posts\/24904","targetHints":{"allow":["GET"]}}],"collection":[{"href":"https:\/\/www.elpolitologoyelpolitico.com.ar\/wordpress\/wp-json\/wp\/v2\/posts"}],"about":[{"href":"https:\/\/www.elpolitologoyelpolitico.com.ar\/wordpress\/wp-json\/wp\/v2\/types\/post"}],"author":[{"embeddable":true,"href":"https:\/\/www.elpolitologoyelpolitico.com.ar\/wordpress\/wp-json\/wp\/v2\/users\/4"}],"replies":[{"embeddable":true,"href":"https:\/\/www.elpolitologoyelpolitico.com.ar\/wordpress\/wp-json\/wp\/v2\/comments?post=24904"}],"version-history":[{"count":0,"href":"https:\/\/www.elpolitologoyelpolitico.com.ar\/wordpress\/wp-json\/wp\/v2\/posts\/24904\/revisions"}],"wp:featuredmedia":[{"embeddable":true,"href":"https:\/\/www.elpolitologoyelpolitico.com.ar\/wordpress\/wp-json\/wp\/v2\/media\/24905"}],"wp:attachment":[{"href":"https:\/\/www.elpolitologoyelpolitico.com.ar\/wordpress\/wp-json\/wp\/v2\/media?parent=24904"}],"wp:term":[{"taxonomy":"category","embeddable":true,"href":"https:\/\/www.elpolitologoyelpolitico.com.ar\/wordpress\/wp-json\/wp\/v2\/categories?post=24904"},{"taxonomy":"post_tag","embeddable":true,"href":"https:\/\/www.elpolitologoyelpolitico.com.ar\/wordpress\/wp-json\/wp\/v2\/tags?post=24904"}],"curies":[{"name":"wp","href":"https:\/\/api.w.org\/{rel}","templated":true}]}}