{"id":24897,"date":"2022-09-28T13:39:50","date_gmt":"2022-09-28T13:39:50","guid":{"rendered":"https:\/\/www.elpolitologoyelpolitico.com.ar\/wordpress\/?p=24897"},"modified":"2022-09-28T13:40:45","modified_gmt":"2022-09-28T13:40:45","slug":"importantes-avances-en-la-obra-de-pavimentacion-en-pradere","status":"publish","type":"post","link":"https:\/\/www.elpolitologoyelpolitico.com.ar\/wordpress\/2022\/09\/28\/importantes-avances-en-la-obra-de-pavimentacion-en-pradere\/","title":{"rendered":"Importantes avances en la obra de pavimentaci\u00f3n en Pradere"},"content":{"rendered":"\n<p>Este lunes, el Intendente Municipal, Ing. Jos\u00e9 Luis Zara, visit\u00f3 la localidad de Juan A. Pradere.&nbsp;<\/p>\n\n\n\n<p>En la ocasi\u00f3n, acompa\u00f1ado por la delegada municipal, Rosana Teruel, el Jefe de Gabinete, Fabio Bettinelli, y funcionarios el jefe comunal recorri\u00f3 la obra de pavimentaci\u00f3n que se lleva adelante en diversas calles de la localidad.&nbsp;<\/p>\n\n\n\n<p>La misma abarca las calles 11, entre 2 y 3; Calle 12, entre 1 y 3; Calle 2, entre 11 y 13, y calle 3, entre 10 y 13 y es financiada a trav\u00e9s del Fondo Educativo, con una inversi\u00f3n superior a los 21 millones de pesos.<\/p>\n\n\n\n<figure class=\"wp-block-gallery has-nested-images columns-default is-cropped wp-block-gallery-1 is-layout-flex wp-block-gallery-is-layout-flex\">\n<figure class=\"wp-block-image size-full\"><img fetchpriority=\"high\" decoding=\"async\" width=\"720\" height=\"324\" data-id=\"24900\" src=\"https:\/\/www.elpolitologoyelpolitico.com.ar\/wp-content\/uploads\/2022\/09\/IMG-20220927-WA0040.jpg\" alt=\"\" class=\"wp-image-24900\" srcset=\"https:\/\/www.elpolitologoyelpolitico.com.ar\/wp-content\/uploads\/2022\/09\/IMG-20220927-WA0040.jpg 720w, https:\/\/www.elpolitologoyelpolitico.com.ar\/wp-content\/uploads\/2022\/09\/IMG-20220927-WA0040-300x135.jpg 300w\" sizes=\"(max-width: 720px) 100vw, 720px\" \/><\/figure>\n<\/figure>\n\n\n\n<figure class=\"wp-block-gallery has-nested-images columns-default is-cropped wp-block-gallery-2 is-layout-flex wp-block-gallery-is-layout-flex\">\n<figure class=\"wp-block-image size-large\"><img decoding=\"async\" width=\"720\" height=\"324\" data-id=\"24901\" src=\"https:\/\/www.elpolitologoyelpolitico.com.ar\/wp-content\/uploads\/2022\/09\/IMG-20220927-WA0041.jpg\" alt=\"\" class=\"wp-image-24901\" srcset=\"https:\/\/www.elpolitologoyelpolitico.com.ar\/wp-content\/uploads\/2022\/09\/IMG-20220927-WA0041.jpg 720w, https:\/\/www.elpolitologoyelpolitico.com.ar\/wp-content\/uploads\/2022\/09\/IMG-20220927-WA0041-300x135.jpg 300w\" sizes=\"(max-width: 720px) 100vw, 720px\" \/><\/figure>\n<\/figure>\n<div class=\"fb-background-color\">\n\t\t\t  <div \n\t\t\t  \tclass = \"fb-comments\" \n\t\t\t  \tdata-href = \"https:\/\/www.elpolitologoyelpolitico.com.ar\/wordpress\/2022\/09\/28\/importantes-avances-en-la-obra-de-pavimentacion-en-pradere\/\"\n\t\t\t  \tdata-numposts = \"10\"\n\t\t\t  \tdata-lazy = \"true\"\n\t\t\t\tdata-colorscheme = \"light\"\n\t\t\t\tdata-order-by = \"social\"\n\t\t\t\tdata-mobile=true>\n\t\t\t  <\/div><\/div>\n\t\t  <style>\n\t\t    .fb-background-color {\n\t\t\t\tbackground: #ffffff !important;\n\t\t\t}\n\t\t\t.fb_iframe_widget_fluid_desktop iframe {\n\t\t\t    width: 100% !important;\n\t\t\t}\n\t\t  <\/style>\n\t\t  ","protected":false},"excerpt":{"rendered":"<p>Este lunes, el Intendente Municipal, Ing. Jos\u00e9 Luis Zara, visit\u00f3 la localidad de Juan A. Pradere.&nbsp; En la ocasi\u00f3n, acompa\u00f1ado por la delegada municipal, Rosana Teruel, el Jefe de Gabinete, Fabio Bettinelli, y funcionarios el jefe comunal recorri\u00f3 la obra de pavimentaci\u00f3n que se lleva adelante en diversas calles de la localidad.&nbsp; La misma abarca [&hellip;]<\/p>\n","protected":false},"author":4,"featured_media":24898,"comment_status":"closed","ping_status":"closed","sticky":false,"template":"","format":"standard","meta":{"_joinchat":[],"footnotes":""},"categories":[4],"tags":[],"class_list":["post-24897","post","type-post","status-publish","format-standard","has-post-thumbnail","hentry","category-politicas-publicas"],"_links":{"self":[{"href":"https:\/\/www.elpolitologoyelpolitico.com.ar\/wordpress\/wp-json\/wp\/v2\/posts\/24897","targetHints":{"allow":["GET"]}}],"collection":[{"href":"https:\/\/www.elpolitologoyelpolitico.com.ar\/wordpress\/wp-json\/wp\/v2\/posts"}],"about":[{"href":"https:\/\/www.elpolitologoyelpolitico.com.ar\/wordpress\/wp-json\/wp\/v2\/types\/post"}],"author":[{"embeddable":true,"href":"https:\/\/www.elpolitologoyelpolitico.com.ar\/wordpress\/wp-json\/wp\/v2\/users\/4"}],"replies":[{"embeddable":true,"href":"https:\/\/www.elpolitologoyelpolitico.com.ar\/wordpress\/wp-json\/wp\/v2\/comments?post=24897"}],"version-history":[{"count":0,"href":"https:\/\/www.elpolitologoyelpolitico.com.ar\/wordpress\/wp-json\/wp\/v2\/posts\/24897\/revisions"}],"wp:featuredmedia":[{"embeddable":true,"href":"https:\/\/www.elpolitologoyelpolitico.com.ar\/wordpress\/wp-json\/wp\/v2\/media\/24898"}],"wp:attachment":[{"href":"https:\/\/www.elpolitologoyelpolitico.com.ar\/wordpress\/wp-json\/wp\/v2\/media?parent=24897"}],"wp:term":[{"taxonomy":"category","embeddable":true,"href":"https:\/\/www.elpolitologoyelpolitico.com.ar\/wordpress\/wp-json\/wp\/v2\/categories?post=24897"},{"taxonomy":"post_tag","embeddable":true,"href":"https:\/\/www.elpolitologoyelpolitico.com.ar\/wordpress\/wp-json\/wp\/v2\/tags?post=24897"}],"curies":[{"name":"wp","href":"https:\/\/api.w.org\/{rel}","templated":true}]}}